{"id":14836,"date":"2022-03-09T14:25:11","date_gmt":"2022-03-09T18:25:11","guid":{"rendered":"https:\/\/www.relac.net\/?p=14836"},"modified":"2022-03-09T14:25:11","modified_gmt":"2022-03-09T18:25:11","slug":"primer-encuentro-del-comite-organizador-de-la-conferencia-internacional-relac-2022","status":"publish","type":"post","link":"https:\/\/www.relac.net\/v1\/primer-encuentro-del-comite-organizador-de-la-conferencia-internacional-relac-2022\/","title":{"rendered":"PRIMER ENCUENTRO DEL COMIT\u00c9 ORGANIZADOR DE LA CONFERENCIA INTERNACIONAL RELAC 2022"},"content":{"rendered":"<p class=\"MsoNormal\"><span style=\"color: #222222;\">El pasado 28 de febrero se reuni\u00f3 el <strong>Comit\u00e9 Organizador de la Conferencia Internacional ReLAC 2022<\/strong>, integrado por el Comit\u00e9 Ejecutivo de ReLAC y diferentes instituciones aliadas.<\/span><\/p>\n<p class=\"MsoNormal\"><span style=\"mso-ascii-font-family: Calibri; mso-fareast-font-family: 'Times New Roman'; mso-hansi-font-family: Calibri; mso-bidi-font-family: Calibri; color: #222222; mso-ansi-language: ES-PY; mso-fareast-language: ES-PY;\">Participaron de la misma Ada Ocampo (IDEAS), Helena Stadmueller (FOCELAC+ DEVAL), Riccardo Polastro (UNICEF), Natalia Acosta (WFP- UN), Yolanda Santos Lamata (DEGCO- Cooperaci\u00f3n Espa\u00f1ola), Daniel Jacobo O (DEGCO- Cooperaci\u00f3n Espa\u00f1ola).<\/span><\/p>\n<p class=\"MsoNormal\"><span style=\"mso-ascii-font-family: Calibri; mso-fareast-font-family: 'Times New Roman'; mso-hansi-font-family: Calibri; mso-bidi-font-family: Calibri; color: #222222; mso-ansi-language: ES-PY; mso-fareast-language: ES-PY;\">En este encuentro se comparti\u00f3 la primera propuesta por parte del Comit\u00e9 Ejecutivo de ReLAC (t\u00edtulo, objetivos, actividades), as\u00ed como la estructura de la Conferencia. <\/span><\/p>\n<p class=\"MsoNormal\"><span style=\"mso-ascii-font-family: Calibri; mso-fareast-font-family: 'Times New Roman'; mso-hansi-font-family: Calibri; mso-bidi-font-family: Calibri; color: #222222; mso-ansi-language: ES-PY; mso-fareast-language: ES-PY;\">Se present\u00f3 as\u00ed, a trav\u00e9s de una pizarra virtual los avances en t\u00e9rminos de \u00bfCon qu\u00e9 contamos? \u00bfQu\u00e9 estamos gestionando? \u00bfCon qu\u00e9 no contamos?<\/span><\/p>\n<p class=\"MsoNormal\"><span style=\"mso-ascii-font-family: Calibri; mso-fareast-font-family: 'Times New Roman'; mso-hansi-font-family: Calibri; mso-bidi-font-family: Calibri; color: #222222; mso-ansi-language: ES-PY; mso-fareast-language: ES-PY;\">Seguidamente se dio espacio al intercambio con aportes de mejora y otras sugerencias organizativas.<\/span><\/p>\n<p><img loading=\"lazy\" decoding=\"async\" class=\"alignnone size-full wp-image-14837\" src=\"https:\/\/www.relac.net\/wp-content\/uploads\/2022\/03\/conferenciarelac2022-.jpg\" alt=\"\" width=\"524\" height=\"344\" srcset=\"https:\/\/www.relac.net\/v1\/wp-content\/uploads\/2022\/03\/conferenciarelac2022-.jpg 524w, https:\/\/www.relac.net\/v1\/wp-content\/uploads\/2022\/03\/conferenciarelac2022--300x197.jpg 300w, https:\/\/www.relac.net\/v1\/wp-content\/uploads\/2022\/03\/conferenciarelac2022--100x66.jpg 100w\" sizes=\"auto, (max-width: 524px) 100vw, 524px\" \/><\/p>\n<p class=\"MsoNormal\"><span style=\"mso-ascii-font-family: Calibri; mso-fareast-font-family: 'Times New Roman'; mso-hansi-font-family: Calibri; mso-bidi-font-family: Calibri; color: #222222; mso-ansi-language: ES-PY; mso-fareast-language: ES-PY;\">Con la expectativa de que este ha sido el inicio de un proceso hacia una gran Conferencia, se asumieron compromisos hacia el segundo encuentro del mes de abril.<span style=\"mso-spacerun: yes;\">\u00a0 <\/span><\/span><\/p>\n<p class=\"MsoNormal\"><span style=\"mso-ascii-font-family: Calibri; mso-fareast-font-family: 'Times New Roman'; mso-hansi-font-family: Calibri; mso-bidi-font-family: Calibri; color: #222222; mso-ansi-language: ES-PY; mso-fareast-language: ES-PY;\">ReLAC+Fuerte, ReLAC+Unida, ReLAC+Grande, ReLAC+Inclusiva.<\/span><\/p>\n","protected":false},"excerpt":{"rendered":"<p>El pasado 28 de febrero se reuni\u00f3 el Comit\u00e9 Organizador de la Conferencia Internacional ReLAC 2022, integrado por el Comit\u00e9 Ejecutivo de ReLAC y diferentes instituciones aliadas. Participaron de la misma Ada Ocampo (IDEAS), Helena Stadmueller (FOCELAC+ DEVAL), Riccardo Polastro (UNICEF), Natalia Acosta (WFP- UN), Yolanda Santos Lamata (DEGCO- Cooperaci\u00f3n Espa\u00f1ola), Daniel Jacobo O (DEGCO- Cooperaci\u00f3n Espa\u00f1ola). En este encuentro [&hellip;]<\/p>\n","protected":false},"author":159,"featured_media":14838,"comment_status":"open","ping_status":"open","sticky":false,"template":"","format":"standard","meta":{"_bbp_topic_count":0,"_bbp_reply_count":0,"_bbp_total_topic_count":0,"_bbp_total_reply_count":0,"_bbp_voice_count":0,"_bbp_anonymous_reply_count":0,"_bbp_topic_count_hidden":0,"_bbp_reply_count_hidden":0,"_bbp_forum_subforum_count":0,"_monsterinsights_skip_tracking":false,"_monsterinsights_sitenote_active":false,"_monsterinsights_sitenote_note":"","_monsterinsights_sitenote_category":0,"cybocfi_hide_featured_image":"","footnotes":""},"categories":[21],"tags":[],"class_list":["post-14836","post","type-post","status-publish","format-standard","has-post-thumbnail","hentry","category-noticias"],"_links":{"self":[{"href":"https:\/\/www.relac.net\/v1\/wp-json\/wp\/v2\/posts\/14836","targetHints":{"allow":["GET"]}}],"collection":[{"href":"https:\/\/www.relac.net\/v1\/wp-json\/wp\/v2\/posts"}],"about":[{"href":"https:\/\/www.relac.net\/v1\/wp-json\/wp\/v2\/types\/post"}],"author":[{"embeddable":true,"href":"https:\/\/www.relac.net\/v1\/wp-json\/wp\/v2\/users\/159"}],"replies":[{"embeddable":true,"href":"https:\/\/www.relac.net\/v1\/wp-json\/wp\/v2\/comments?post=14836"}],"version-history":[{"count":1,"href":"https:\/\/www.relac.net\/v1\/wp-json\/wp\/v2\/posts\/14836\/revisions"}],"predecessor-version":[{"id":14839,"href":"https:\/\/www.relac.net\/v1\/wp-json\/wp\/v2\/posts\/14836\/revisions\/14839"}],"wp:featuredmedia":[{"embeddable":true,"href":"https:\/\/www.relac.net\/v1\/wp-json\/wp\/v2\/media\/14838"}],"wp:attachment":[{"href":"https:\/\/www.relac.net\/v1\/wp-json\/wp\/v2\/media?parent=14836"}],"wp:term":[{"taxonomy":"category","embeddable":true,"href":"https:\/\/www.relac.net\/v1\/wp-json\/wp\/v2\/categories?post=14836"},{"taxonomy":"post_tag","embeddable":true,"href":"https:\/\/www.relac.net\/v1\/wp-json\/wp\/v2\/tags?post=14836"}],"curies":[{"name":"wp","href":"https:\/\/api.w.org\/{rel}","templated":true}]}}