{"id":14831,"date":"2022-03-04T18:41:53","date_gmt":"2022-03-04T22:41:53","guid":{"rendered":"https:\/\/www.relac.net\/?p=14831"},"modified":"2022-03-04T18:41:53","modified_gmt":"2022-03-04T22:41:53","slug":"relaclaboral-consultoria-de-evaluacion-externa-del-proyecto-vida-sin-violencia-de-la-cooperacion-suiza-en-bolivia","status":"publish","type":"post","link":"https:\/\/www.relac.net\/v1\/relaclaboral-consultoria-de-evaluacion-externa-del-proyecto-vida-sin-violencia-de-la-cooperacion-suiza-en-bolivia\/","title":{"rendered":"ReLACLaboral &#8211; Consultor\u00eda de Evaluaci\u00f3n Externa del Proyecto Vida sin Violencia de la Cooperaci\u00f3n Suiza en Bolivia"},"content":{"rendered":"<p><strong>Invitamos a presentar propuestas a esta Consultor\u00eda<\/strong><\/p>\n<p>El proyecto Vida sin Violencia (VsV) de la Cooperaci\u00f3n para el Desarrollo de la Embajada de Suiza en Bolivia, tanto en su primera fase (2017-2020) como la segunda fase de salida (jun. 2020 \u2013 jun. 2022), fue implementado por Solidar Suiza. El proyecto VsV tiene la finalidad de <em>\u201cContribuir a la reducci\u00f3n de la violencia e incrementar la posibilidad de las mujeres de tener una vida digna\u201d.<\/em><\/p>\n<p>El objetivo espec\u00edfico de proyecto prev\u00e9 que <em>\u201clas instituciones p\u00fablicas estatales del nivel nacional del sector justicia y subnacional (municipios y gobernaciones) y las organizaciones de la sociedad civil, apliquen pr\u00e1cticas eficaces basadas en evidencia en la lucha contra la violencia contra las mujeres, aportando al derecho de las mujeres a una vida libre de violencia\u201d.<\/em><\/p>\n<p><strong><u>Objetivo principal de la Evaluaci\u00f3n<\/u><\/strong><\/p>\n<p>De manera general, el objetivo de la evaluaci\u00f3n final es verificar el alcance y logros de los resultados previstos en el proyecto con miras a un <em>phasing over<\/em> del mismo hacia otros donantes que trabajan en la tem\u00e1tica.<\/p>\n<p><strong><u>Equipo evaluador<\/u><\/strong><\/p>\n<p>El equipo evaluador propuesto debe estar compuesto por dos (2) personas, un\/a evaluador\/a regional y otra\/o a nivel local (Bolivia). Una\/o de consultores principales (nacional o internacional) asumir\u00e1 la tarea de coordinaci\u00f3n con la Cooperaci\u00f3n Suiza y ser\u00e1 responsable de la realizaci\u00f3n de las actividades acordadas y la entrega y presentaci\u00f3n oportuna de los informes<\/p>\n<p><strong><u>Plazo<\/u><\/strong><\/p>\n<p>La propuesta deber\u00e1 ser enviada hasta el 21 de marzo de 2022, seg\u00fan lo determinado en los T\u00e9rminos de Referencia adjuntos.<\/p>\n<p>Mas informaci\u00f3n: <a href=\"https:\/\/www.relac.net\/wp-content\/uploads\/2022\/03\/Convocatoria-publica-para-Consultoria_Eval_ext_04.03.2022.docx\">Convocatoria p\u00fablica para Consultor\u00eda_Eval_ext_04.03.2022<\/a><\/p>\n","protected":false},"excerpt":{"rendered":"<p>Invitamos a presentar propuestas a esta Consultor\u00eda El proyecto Vida sin Violencia (VsV) de la Cooperaci\u00f3n para el Desarrollo de la Embajada de Suiza en Bolivia, tanto en su primera fase (2017-2020) como la segunda fase de salida (jun. 2020 \u2013 jun. 2022), fue implementado por Solidar Suiza. El proyecto VsV tiene la finalidad de \u201cContribuir a la reducci\u00f3n de [&hellip;]<\/p>\n","protected":false},"author":159,"featured_media":14833,"comment_status":"open","ping_status":"open","sticky":false,"template":"","format":"standard","meta":{"_bbp_topic_count":0,"_bbp_reply_count":0,"_bbp_total_topic_count":0,"_bbp_total_reply_count":0,"_bbp_voice_count":0,"_bbp_anonymous_reply_count":0,"_bbp_topic_count_hidden":0,"_bbp_reply_count_hidden":0,"_bbp_forum_subforum_count":0,"_monsterinsights_skip_tracking":false,"_monsterinsights_sitenote_active":false,"_monsterinsights_sitenote_note":"","_monsterinsights_sitenote_category":0,"cybocfi_hide_featured_image":"","footnotes":""},"categories":[40],"tags":[],"class_list":["post-14831","post","type-post","status-publish","format-standard","has-post-thumbnail","hentry","category-trabajo"],"_links":{"self":[{"href":"https:\/\/www.relac.net\/v1\/wp-json\/wp\/v2\/posts\/14831","targetHints":{"allow":["GET"]}}],"collection":[{"href":"https:\/\/www.relac.net\/v1\/wp-json\/wp\/v2\/posts"}],"about":[{"href":"https:\/\/www.relac.net\/v1\/wp-json\/wp\/v2\/types\/post"}],"author":[{"embeddable":true,"href":"https:\/\/www.relac.net\/v1\/wp-json\/wp\/v2\/users\/159"}],"replies":[{"embeddable":true,"href":"https:\/\/www.relac.net\/v1\/wp-json\/wp\/v2\/comments?post=14831"}],"version-history":[{"count":1,"href":"https:\/\/www.relac.net\/v1\/wp-json\/wp\/v2\/posts\/14831\/revisions"}],"predecessor-version":[{"id":14834,"href":"https:\/\/www.relac.net\/v1\/wp-json\/wp\/v2\/posts\/14831\/revisions\/14834"}],"wp:featuredmedia":[{"embeddable":true,"href":"https:\/\/www.relac.net\/v1\/wp-json\/wp\/v2\/media\/14833"}],"wp:attachment":[{"href":"https:\/\/www.relac.net\/v1\/wp-json\/wp\/v2\/media?parent=14831"}],"wp:term":[{"taxonomy":"category","embeddable":true,"href":"https:\/\/www.relac.net\/v1\/wp-json\/wp\/v2\/categories?post=14831"},{"taxonomy":"post_tag","embeddable":true,"href":"https:\/\/www.relac.net\/v1\/wp-json\/wp\/v2\/tags?post=14831"}],"curies":[{"name":"wp","href":"https:\/\/api.w.org\/{rel}","templated":true}]}}