{"id":14818,"date":"2022-02-25T10:39:07","date_gmt":"2022-02-25T14:39:07","guid":{"rendered":"https:\/\/www.relac.net\/?p=14818"},"modified":"2022-02-25T10:43:39","modified_gmt":"2022-02-25T14:43:39","slug":"relacpresente-vi-encuentro-de-la-plataforma-regional-de-evaluacion","status":"publish","type":"post","link":"https:\/\/www.relac.net\/v1\/relacpresente-vi-encuentro-de-la-plataforma-regional-de-evaluacion\/","title":{"rendered":"#ReLACPresente &#8220;VI Encuentro de la Plataforma Regional de Evaluaci\u00f3n&#8221;"},"content":{"rendered":"<p><strong>#ReLACPresente<\/strong><\/p>\n<p>El d\u00eda de ayer, 24 de febrero de 2022, la ReLAC particip\u00f3 del VI Encuentro de la Plataforma Regional de Evaluaci\u00f3n.<\/p>\n<p><img loading=\"lazy\" decoding=\"async\" class=\"alignnone wp-image-14821 size-full\" src=\"https:\/\/www.relac.net\/wp-content\/uploads\/2022\/02\/plataforma2.jpg\" alt=\"\" width=\"567\" height=\"179\" srcset=\"https:\/\/www.relac.net\/v1\/wp-content\/uploads\/2022\/02\/plataforma2.jpg 567w, https:\/\/www.relac.net\/v1\/wp-content\/uploads\/2022\/02\/plataforma2-300x95.jpg 300w, https:\/\/www.relac.net\/v1\/wp-content\/uploads\/2022\/02\/plataforma2-100x32.jpg 100w\" sizes=\"auto, (max-width: 567px) 100vw, 567px\" \/><\/p>\n<p>Participamos como entidad convocante del evento y ofrecimos un Stand sobre la iniciativa ReLAC+, d\u00f3nde contamos con la presencia activa de 31 participantes de 7 pa\u00edses que nos visitaron desde la Academia, Gobiernos, OSC y OOII.<\/p>\n<p>Compartimos sobre lo que es ReLAC, sus objetivos, plan de trabajo y principales actividades, donde se destac\u00f3 la organizaci\u00f3n de la Conferencia ReLAC 2022.<\/p>\n<p><img loading=\"lazy\" decoding=\"async\" class=\"alignnone size-full wp-image-14822\" src=\"https:\/\/www.relac.net\/wp-content\/uploads\/2022\/02\/plataforma3.jpg\" alt=\"\" width=\"567\" height=\"259\" srcset=\"https:\/\/www.relac.net\/v1\/wp-content\/uploads\/2022\/02\/plataforma3.jpg 567w, https:\/\/www.relac.net\/v1\/wp-content\/uploads\/2022\/02\/plataforma3-300x137.jpg 300w, https:\/\/www.relac.net\/v1\/wp-content\/uploads\/2022\/02\/plataforma3-100x46.jpg 100w\" sizes=\"auto, (max-width: 567px) 100vw, 567px\" \/><\/p>\n<p>Ha sido un espacio sumamente enriquecedor donde se pudo compartir y desde donde se ha podido dar a conocer la ReLAC, viendo el inter\u00e9s por parte de los participantes por las nuevas membres\u00edas y los requisitos para sumarse a ReLAC.<\/p>\n<p>ReLAC, como convocante de este encuentro agradece a todos y celebra este tipo de espacios.<\/p>\n","protected":false},"excerpt":{"rendered":"<p>#ReLACPresente El d\u00eda de ayer, 24 de febrero de 2022, la ReLAC particip\u00f3 del VI Encuentro de la Plataforma Regional de Evaluaci\u00f3n. Participamos como entidad convocante del evento y ofrecimos un Stand sobre la iniciativa ReLAC+, d\u00f3nde contamos con la presencia activa de 31 participantes de 7 pa\u00edses que nos visitaron desde la Academia, Gobiernos, OSC y OOII. Compartimos sobre [&hellip;]<\/p>\n","protected":false},"author":159,"featured_media":14820,"comment_status":"open","ping_status":"open","sticky":false,"template":"","format":"standard","meta":{"_bbp_topic_count":0,"_bbp_reply_count":0,"_bbp_total_topic_count":0,"_bbp_total_reply_count":0,"_bbp_voice_count":0,"_bbp_anonymous_reply_count":0,"_bbp_topic_count_hidden":0,"_bbp_reply_count_hidden":0,"_bbp_forum_subforum_count":0,"_monsterinsights_skip_tracking":false,"_monsterinsights_sitenote_active":false,"_monsterinsights_sitenote_note":"","_monsterinsights_sitenote_category":0,"cybocfi_hide_featured_image":"","footnotes":""},"categories":[21],"tags":[],"class_list":["post-14818","post","type-post","status-publish","format-standard","has-post-thumbnail","hentry","category-noticias"],"_links":{"self":[{"href":"https:\/\/www.relac.net\/v1\/wp-json\/wp\/v2\/posts\/14818","targetHints":{"allow":["GET"]}}],"collection":[{"href":"https:\/\/www.relac.net\/v1\/wp-json\/wp\/v2\/posts"}],"about":[{"href":"https:\/\/www.relac.net\/v1\/wp-json\/wp\/v2\/types\/post"}],"author":[{"embeddable":true,"href":"https:\/\/www.relac.net\/v1\/wp-json\/wp\/v2\/users\/159"}],"replies":[{"embeddable":true,"href":"https:\/\/www.relac.net\/v1\/wp-json\/wp\/v2\/comments?post=14818"}],"version-history":[{"count":2,"href":"https:\/\/www.relac.net\/v1\/wp-json\/wp\/v2\/posts\/14818\/revisions"}],"predecessor-version":[{"id":14824,"href":"https:\/\/www.relac.net\/v1\/wp-json\/wp\/v2\/posts\/14818\/revisions\/14824"}],"wp:featuredmedia":[{"embeddable":true,"href":"https:\/\/www.relac.net\/v1\/wp-json\/wp\/v2\/media\/14820"}],"wp:attachment":[{"href":"https:\/\/www.relac.net\/v1\/wp-json\/wp\/v2\/media?parent=14818"}],"wp:term":[{"taxonomy":"category","embeddable":true,"href":"https:\/\/www.relac.net\/v1\/wp-json\/wp\/v2\/categories?post=14818"},{"taxonomy":"post_tag","embeddable":true,"href":"https:\/\/www.relac.net\/v1\/wp-json\/wp\/v2\/tags?post=14818"}],"curies":[{"name":"wp","href":"https:\/\/api.w.org\/{rel}","templated":true}]}}