{"id":14809,"date":"2022-02-21T10:16:19","date_gmt":"2022-02-21T14:16:19","guid":{"rendered":"https:\/\/www.relac.net\/?p=14809"},"modified":"2022-02-21T10:16:19","modified_gmt":"2022-02-21T14:16:19","slug":"reunion-de-acercamiento-y-apoyo-entre-relac-y-veneval-red-venezolana-de-evaluacion","status":"publish","type":"post","link":"https:\/\/www.relac.net\/v1\/reunion-de-acercamiento-y-apoyo-entre-relac-y-veneval-red-venezolana-de-evaluacion\/","title":{"rendered":"Reuni\u00f3n de acercamiento y apoyo entre ReLAC y VENEVAL (Red Venezolana de Evaluaci\u00f3n)"},"content":{"rendered":"<p>Porque las acciones desde la ReLAC no se detienen, el d\u00eda 17 de febrero de 2022 se llev\u00f3 a cabo una reuni\u00f3n de acercamiento y apoyo entre ReLAC y VENEVAL (Red Venezolana de Evaluaci\u00f3n).<\/p>\n<p>Participaron de la misma, por parte de ReLAC, la coordinadora Celeste Ghiano y el vice coordinador Alfredo Dom\u00ednguez, y por parte de VENEVAL, Mar\u00eda Conchita Ruiz, referente principal junto con tres colegas de la red.<\/p>\n<p>En esta ocasi\u00f3n se presentaron los objetivos de ambas organizaciones y se convers\u00f3 sobre la incorporaci\u00f3n de VENEVAL a ReLAC.<\/p>\n<p><img loading=\"lazy\" decoding=\"async\" class=\"alignnone size-full wp-image-14810\" src=\"https:\/\/www.relac.net\/wp-content\/uploads\/2022\/02\/VENEVAL.jpg\" alt=\"\" width=\"1896\" height=\"720\" srcset=\"https:\/\/www.relac.net\/v1\/wp-content\/uploads\/2022\/02\/VENEVAL.jpg 1896w, https:\/\/www.relac.net\/v1\/wp-content\/uploads\/2022\/02\/VENEVAL-300x114.jpg 300w, https:\/\/www.relac.net\/v1\/wp-content\/uploads\/2022\/02\/VENEVAL-1024x389.jpg 1024w, https:\/\/www.relac.net\/v1\/wp-content\/uploads\/2022\/02\/VENEVAL-768x292.jpg 768w, https:\/\/www.relac.net\/v1\/wp-content\/uploads\/2022\/02\/VENEVAL-100x38.jpg 100w, https:\/\/www.relac.net\/v1\/wp-content\/uploads\/2022\/02\/VENEVAL-1536x583.jpg 1536w, https:\/\/www.relac.net\/v1\/wp-content\/uploads\/2022\/02\/VENEVAL-672x255.jpg 672w, https:\/\/www.relac.net\/v1\/wp-content\/uploads\/2022\/02\/VENEVAL-1038x394.jpg 1038w\" sizes=\"auto, (max-width: 1896px) 100vw, 1896px\" \/><\/p>\n<p><img loading=\"lazy\" decoding=\"async\" class=\"alignnone size-full wp-image-14813\" src=\"https:\/\/www.relac.net\/wp-content\/uploads\/2022\/02\/Veneval4.jpeg\" alt=\"\" width=\"1265\" height=\"527\" srcset=\"https:\/\/www.relac.net\/v1\/wp-content\/uploads\/2022\/02\/Veneval4.jpeg 1265w, https:\/\/www.relac.net\/v1\/wp-content\/uploads\/2022\/02\/Veneval4-300x125.jpeg 300w, https:\/\/www.relac.net\/v1\/wp-content\/uploads\/2022\/02\/Veneval4-1024x427.jpeg 1024w, https:\/\/www.relac.net\/v1\/wp-content\/uploads\/2022\/02\/Veneval4-768x320.jpeg 768w, https:\/\/www.relac.net\/v1\/wp-content\/uploads\/2022\/02\/Veneval4-100x42.jpeg 100w, https:\/\/www.relac.net\/v1\/wp-content\/uploads\/2022\/02\/Veneval4-672x280.jpeg 672w, https:\/\/www.relac.net\/v1\/wp-content\/uploads\/2022\/02\/Veneval4-1038x432.jpeg 1038w\" sizes=\"auto, (max-width: 1265px) 100vw, 1265px\" \/><\/p>\n<p>De esta manera auguramos que mas redes se puedan seguir sumando y as\u00ed seguir creciendo y sumando al seguimiento, monitoreo y evaluaci\u00f3n desde nuestra regi\u00f3n.<\/p>\n","protected":false},"excerpt":{"rendered":"<p>Porque las acciones desde la ReLAC no se detienen, el d\u00eda 17 de febrero de 2022 se llev\u00f3 a cabo una reuni\u00f3n de acercamiento y apoyo entre ReLAC y VENEVAL (Red Venezolana de Evaluaci\u00f3n). Participaron de la misma, por parte de ReLAC, la coordinadora Celeste Ghiano y el vice coordinador Alfredo Dom\u00ednguez, y por parte de VENEVAL, Mar\u00eda Conchita Ruiz, [&hellip;]<\/p>\n","protected":false},"author":159,"featured_media":14811,"comment_status":"open","ping_status":"open","sticky":false,"template":"","format":"standard","meta":{"_bbp_topic_count":0,"_bbp_reply_count":0,"_bbp_total_topic_count":0,"_bbp_total_reply_count":0,"_bbp_voice_count":0,"_bbp_anonymous_reply_count":0,"_bbp_topic_count_hidden":0,"_bbp_reply_count_hidden":0,"_bbp_forum_subforum_count":0,"_monsterinsights_skip_tracking":false,"_monsterinsights_sitenote_active":false,"_monsterinsights_sitenote_note":"","_monsterinsights_sitenote_category":0,"cybocfi_hide_featured_image":"","footnotes":""},"categories":[21],"tags":[],"class_list":["post-14809","post","type-post","status-publish","format-standard","has-post-thumbnail","hentry","category-noticias"],"_links":{"self":[{"href":"https:\/\/www.relac.net\/v1\/wp-json\/wp\/v2\/posts\/14809","targetHints":{"allow":["GET"]}}],"collection":[{"href":"https:\/\/www.relac.net\/v1\/wp-json\/wp\/v2\/posts"}],"about":[{"href":"https:\/\/www.relac.net\/v1\/wp-json\/wp\/v2\/types\/post"}],"author":[{"embeddable":true,"href":"https:\/\/www.relac.net\/v1\/wp-json\/wp\/v2\/users\/159"}],"replies":[{"embeddable":true,"href":"https:\/\/www.relac.net\/v1\/wp-json\/wp\/v2\/comments?post=14809"}],"version-history":[{"count":3,"href":"https:\/\/www.relac.net\/v1\/wp-json\/wp\/v2\/posts\/14809\/revisions"}],"predecessor-version":[{"id":14815,"href":"https:\/\/www.relac.net\/v1\/wp-json\/wp\/v2\/posts\/14809\/revisions\/14815"}],"wp:featuredmedia":[{"embeddable":true,"href":"https:\/\/www.relac.net\/v1\/wp-json\/wp\/v2\/media\/14811"}],"wp:attachment":[{"href":"https:\/\/www.relac.net\/v1\/wp-json\/wp\/v2\/media?parent=14809"}],"wp:term":[{"taxonomy":"category","embeddable":true,"href":"https:\/\/www.relac.net\/v1\/wp-json\/wp\/v2\/categories?post=14809"},{"taxonomy":"post_tag","embeddable":true,"href":"https:\/\/www.relac.net\/v1\/wp-json\/wp\/v2\/tags?post=14809"}],"curies":[{"name":"wp","href":"https:\/\/api.w.org\/{rel}","templated":true}]}}