{"id":14787,"date":"2021-12-14T10:24:31","date_gmt":"2021-12-14T14:24:31","guid":{"rendered":"https:\/\/www.relac.net\/?p=14787"},"modified":"2021-12-14T10:24:31","modified_gmt":"2021-12-14T14:24:31","slug":"firma-de-convenio-marco-de-colaboracion-aproeval-relac","status":"publish","type":"post","link":"https:\/\/www.relac.net\/v1\/firma-de-convenio-marco-de-colaboracion-aproeval-relac\/","title":{"rendered":"FIRMA DE CONVENIO MARCO DE COLABORACI\u00d3N APROEVAL \u2013 RELAC"},"content":{"rendered":"<p>El pasado 13 de diciembre de 2021, la Asociaci\u00f3n Ib\u00e9rica de Profesionales por la Evaluaci\u00f3n (APROEVAL) y la Red de Seguimiento, Evaluaci\u00f3n y Sistematizaci\u00f3n de Latinoam\u00e9rica y el Caribe (ReLAC) formalizaron un Convenio Marco de Colaboraci\u00f3n, cuyo objetivo es <em>\u201c\u2026establecer y delinear los mecanismos que permitan a la ReLAC y a APROEVAL, realizar actividades conjuntas y de cooperaci\u00f3n encaminadas a cumplir los fines comunes de ambas instituciones.\u201d<\/em><\/p>\n<p>El encuentro fue tambi\u00e9n oportuno para planificar acciones puntuales de cara al 2022, las que ser\u00e1n difundidas entra las comunidades de ambas organizaciones y sus aliados, a fin de que se pueda tomar el mayor provecho por parte de las socias y socios de ambas instituciones y de la comunidad evaluadora internacional.<\/p>\n<p>Se puede acceder al convenio completo <a href=\"https:\/\/drive.google.com\/file\/d\/1H9a5uC5nRHZfRVcHfRqnhCTpcih1E-Fj\/view?usp=sharing\">aqu\u00ed<\/a>.<\/p>\n<p>&nbsp;<\/p>\n<p><img loading=\"lazy\" decoding=\"async\" class=\"alignnone wp-image-14789 \" src=\"https:\/\/www.relac.net\/wp-content\/uploads\/2021\/12\/WhatsApp-Image-2021-12-13-at-12.14.36-1024x399.jpeg\" alt=\"\" width=\"663\" height=\"258\" srcset=\"https:\/\/www.relac.net\/v1\/wp-content\/uploads\/2021\/12\/WhatsApp-Image-2021-12-13-at-12.14.36-1024x399.jpeg 1024w, https:\/\/www.relac.net\/v1\/wp-content\/uploads\/2021\/12\/WhatsApp-Image-2021-12-13-at-12.14.36-300x117.jpeg 300w, https:\/\/www.relac.net\/v1\/wp-content\/uploads\/2021\/12\/WhatsApp-Image-2021-12-13-at-12.14.36-768x299.jpeg 768w, https:\/\/www.relac.net\/v1\/wp-content\/uploads\/2021\/12\/WhatsApp-Image-2021-12-13-at-12.14.36-100x39.jpeg 100w, https:\/\/www.relac.net\/v1\/wp-content\/uploads\/2021\/12\/WhatsApp-Image-2021-12-13-at-12.14.36-672x262.jpeg 672w, https:\/\/www.relac.net\/v1\/wp-content\/uploads\/2021\/12\/WhatsApp-Image-2021-12-13-at-12.14.36-1038x405.jpeg 1038w, https:\/\/www.relac.net\/v1\/wp-content\/uploads\/2021\/12\/WhatsApp-Image-2021-12-13-at-12.14.36.jpeg 1280w\" sizes=\"auto, (max-width: 663px) 100vw, 663px\" \/><\/p>\n","protected":false},"excerpt":{"rendered":"<p>El pasado 13 de diciembre de 2021, la Asociaci\u00f3n Ib\u00e9rica de Profesionales por la Evaluaci\u00f3n (APROEVAL) y la Red de Seguimiento, Evaluaci\u00f3n y Sistematizaci\u00f3n de Latinoam\u00e9rica y el Caribe (ReLAC) formalizaron un Convenio Marco de Colaboraci\u00f3n, cuyo objetivo es \u201c\u2026establecer y delinear los mecanismos que permitan a la ReLAC y a APROEVAL, realizar actividades conjuntas y de cooperaci\u00f3n encaminadas a [&hellip;]<\/p>\n","protected":false},"author":159,"featured_media":14788,"comment_status":"open","ping_status":"open","sticky":false,"template":"","format":"standard","meta":{"_bbp_topic_count":0,"_bbp_reply_count":0,"_bbp_total_topic_count":0,"_bbp_total_reply_count":0,"_bbp_voice_count":0,"_bbp_anonymous_reply_count":0,"_bbp_topic_count_hidden":0,"_bbp_reply_count_hidden":0,"_bbp_forum_subforum_count":0,"_monsterinsights_skip_tracking":false,"_monsterinsights_sitenote_active":false,"_monsterinsights_sitenote_note":"","_monsterinsights_sitenote_category":0,"cybocfi_hide_featured_image":"","footnotes":""},"categories":[21],"tags":[],"class_list":["post-14787","post","type-post","status-publish","format-standard","has-post-thumbnail","hentry","category-noticias"],"_links":{"self":[{"href":"https:\/\/www.relac.net\/v1\/wp-json\/wp\/v2\/posts\/14787","targetHints":{"allow":["GET"]}}],"collection":[{"href":"https:\/\/www.relac.net\/v1\/wp-json\/wp\/v2\/posts"}],"about":[{"href":"https:\/\/www.relac.net\/v1\/wp-json\/wp\/v2\/types\/post"}],"author":[{"embeddable":true,"href":"https:\/\/www.relac.net\/v1\/wp-json\/wp\/v2\/users\/159"}],"replies":[{"embeddable":true,"href":"https:\/\/www.relac.net\/v1\/wp-json\/wp\/v2\/comments?post=14787"}],"version-history":[{"count":2,"href":"https:\/\/www.relac.net\/v1\/wp-json\/wp\/v2\/posts\/14787\/revisions"}],"predecessor-version":[{"id":14791,"href":"https:\/\/www.relac.net\/v1\/wp-json\/wp\/v2\/posts\/14787\/revisions\/14791"}],"wp:featuredmedia":[{"embeddable":true,"href":"https:\/\/www.relac.net\/v1\/wp-json\/wp\/v2\/media\/14788"}],"wp:attachment":[{"href":"https:\/\/www.relac.net\/v1\/wp-json\/wp\/v2\/media?parent=14787"}],"wp:term":[{"taxonomy":"category","embeddable":true,"href":"https:\/\/www.relac.net\/v1\/wp-json\/wp\/v2\/categories?post=14787"},{"taxonomy":"post_tag","embeddable":true,"href":"https:\/\/www.relac.net\/v1\/wp-json\/wp\/v2\/tags?post=14787"}],"curies":[{"name":"wp","href":"https:\/\/api.w.org\/{rel}","templated":true}]}}