{"id":14764,"date":"2021-11-04T17:06:01","date_gmt":"2021-11-04T21:06:01","guid":{"rendered":"https:\/\/www.relac.net\/?p=14764"},"modified":"2021-11-04T18:43:12","modified_gmt":"2021-11-04T22:43:12","slug":"relac-consigue-una-nueva-oportunidad-para-la-incidencia-global","status":"publish","type":"post","link":"https:\/\/www.relac.net\/v1\/relac-consigue-una-nueva-oportunidad-para-la-incidencia-global\/","title":{"rendered":"ReLAC consigue una nueva oportunidad para la incidencia global"},"content":{"rendered":"<p><img loading=\"lazy\" decoding=\"async\" class=\"wp-image-14769 aligncenter\" src=\"https:\/\/www.relac.net\/wp-content\/uploads\/2021\/11\/UN1-1.png\" alt=\"\" width=\"831\" height=\"460\" srcset=\"https:\/\/www.relac.net\/v1\/wp-content\/uploads\/2021\/11\/UN1-1.png 428w, https:\/\/www.relac.net\/v1\/wp-content\/uploads\/2021\/11\/UN1-1-300x166.png 300w, https:\/\/www.relac.net\/v1\/wp-content\/uploads\/2021\/11\/UN1-1-100x55.png 100w, https:\/\/www.relac.net\/v1\/wp-content\/uploads\/2021\/11\/UN1-1-128x72.png 128w, https:\/\/www.relac.net\/v1\/wp-content\/uploads\/2021\/11\/UN1-1-480x265.png 480w\" sizes=\"auto, (max-width: 831px) 100vw, 831px\" \/><\/p>\n<h5 style=\"text-align: right;\">#ReLACInforma Noviembre 2021<\/h5>\n<h5>La ReLAC ha sido recientemente convocada a participar del <span style=\"color: #008000;\"><strong>Grupo de Referencia en Evaluaci\u00f3n<\/strong><\/span>, junto a otras redes regionales y organismos internacionales, para la Evaluaci\u00f3n amplia de la contribuci\u00f3n del <strong><span style=\"color: #008000;\">Sistema de Naciones Unidas<\/span><\/strong> a la respuesta socio-econ\u00f3mica a la COVID-19, que se llevar\u00e1 a cabo durante 2021-2022.<\/h5>\n<p><img loading=\"lazy\" decoding=\"async\" class=\"size-full wp-image-14771 aligncenter\" src=\"https:\/\/www.relac.net\/wp-content\/uploads\/2021\/11\/UN-EDITADO.png\" alt=\"\" width=\"2856\" height=\"850\" srcset=\"https:\/\/www.relac.net\/v1\/wp-content\/uploads\/2021\/11\/UN-EDITADO.png 2856w, https:\/\/www.relac.net\/v1\/wp-content\/uploads\/2021\/11\/UN-EDITADO-300x89.png 300w, https:\/\/www.relac.net\/v1\/wp-content\/uploads\/2021\/11\/UN-EDITADO-1024x305.png 1024w, https:\/\/www.relac.net\/v1\/wp-content\/uploads\/2021\/11\/UN-EDITADO-768x229.png 768w, https:\/\/www.relac.net\/v1\/wp-content\/uploads\/2021\/11\/UN-EDITADO-100x30.png 100w, https:\/\/www.relac.net\/v1\/wp-content\/uploads\/2021\/11\/UN-EDITADO-1536x457.png 1536w, https:\/\/www.relac.net\/v1\/wp-content\/uploads\/2021\/11\/UN-EDITADO-2048x610.png 2048w, https:\/\/www.relac.net\/v1\/wp-content\/uploads\/2021\/11\/UN-EDITADO-672x200.png 672w, https:\/\/www.relac.net\/v1\/wp-content\/uploads\/2021\/11\/UN-EDITADO-1038x309.png 1038w\" sizes=\"auto, (max-width: 2856px) 100vw, 2856px\" \/><\/p>\n<h5>Espec\u00edficamente, el objetivo de esta evaluaci\u00f3n es: Evaluar el progreso y rendir cuentas de la contribuci\u00f3n del sistema de desarrollo de la ONU a la respuesta socioecon\u00f3mica a COVID-19 a nivel de pa\u00eds y aprender lecciones para acelerar el progreso hacia una recuperaci\u00f3n mejor y m\u00e1s ecol\u00f3gica y el logro de los ODS.<\/h5>\n<h5>Otra excelente oportunidad de hacer incidencia a nivel global desde nuestra perspectiva regional y aprender del mundo. Una medida afirmativa clara hacia una:\u00a0<strong><span style=\"color: #ff6600;\"> #ReLAC+ FUERTE; #ReLAC + GRANDE.<\/span><\/strong><\/h5>\n<h5>En nuestro bolet\u00edn peri\u00f3dico se publicar\u00e1n los avances de esta participaci\u00f3n para el intercambio interno de la comunidad y de apoyos de nuestros miembros con experiencias que aporten a una metodolog\u00eda de evaluaci\u00f3n relevante desde y para la regi\u00f3n; as\u00ed como los resultados finales. Otro ejemplo de nuestro compromiso por ser una:<strong><span style=\"color: #ff6600;\">\u00a0#ReLAC + UNIDA; #ReLAC +INCLUSIVA.<\/span><\/strong><\/h5>\n<p><img loading=\"lazy\" decoding=\"async\" class=\"size-full wp-image-14766 aligncenter\" src=\"https:\/\/www.relac.net\/wp-content\/uploads\/2021\/11\/UN1.png\" alt=\"\" width=\"674\" height=\"358\" srcset=\"https:\/\/www.relac.net\/v1\/wp-content\/uploads\/2021\/11\/UN1.png 674w, https:\/\/www.relac.net\/v1\/wp-content\/uploads\/2021\/11\/UN1-300x159.png 300w, https:\/\/www.relac.net\/v1\/wp-content\/uploads\/2021\/11\/UN1-100x53.png 100w, https:\/\/www.relac.net\/v1\/wp-content\/uploads\/2021\/11\/UN1-672x357.png 672w\" sizes=\"auto, (max-width: 674px) 100vw, 674px\" \/><\/p>\n","protected":false},"excerpt":{"rendered":"<p>#ReLACInforma Noviembre 2021 La ReLAC ha sido recientemente convocada a participar del Grupo de Referencia en Evaluaci\u00f3n, junto a otras redes regionales y organismos internacionales, para la Evaluaci\u00f3n amplia de la contribuci\u00f3n del Sistema de Naciones Unidas a la respuesta socio-econ\u00f3mica a la COVID-19, que se llevar\u00e1 a cabo durante 2021-2022. Espec\u00edficamente, el objetivo de esta evaluaci\u00f3n es: Evaluar el [&hellip;]<\/p>\n","protected":false},"author":159,"featured_media":14769,"comment_status":"open","ping_status":"open","sticky":false,"template":"","format":"standard","meta":{"_bbp_topic_count":0,"_bbp_reply_count":0,"_bbp_total_topic_count":0,"_bbp_total_reply_count":0,"_bbp_voice_count":0,"_bbp_anonymous_reply_count":0,"_bbp_topic_count_hidden":0,"_bbp_reply_count_hidden":0,"_bbp_forum_subforum_count":0,"_monsterinsights_skip_tracking":false,"_monsterinsights_sitenote_active":false,"_monsterinsights_sitenote_note":"","_monsterinsights_sitenote_category":0,"cybocfi_hide_featured_image":"","footnotes":""},"categories":[21],"tags":[],"class_list":["post-14764","post","type-post","status-publish","format-standard","has-post-thumbnail","hentry","category-noticias"],"_links":{"self":[{"href":"https:\/\/www.relac.net\/v1\/wp-json\/wp\/v2\/posts\/14764","targetHints":{"allow":["GET"]}}],"collection":[{"href":"https:\/\/www.relac.net\/v1\/wp-json\/wp\/v2\/posts"}],"about":[{"href":"https:\/\/www.relac.net\/v1\/wp-json\/wp\/v2\/types\/post"}],"author":[{"embeddable":true,"href":"https:\/\/www.relac.net\/v1\/wp-json\/wp\/v2\/users\/159"}],"replies":[{"embeddable":true,"href":"https:\/\/www.relac.net\/v1\/wp-json\/wp\/v2\/comments?post=14764"}],"version-history":[{"count":6,"href":"https:\/\/www.relac.net\/v1\/wp-json\/wp\/v2\/posts\/14764\/revisions"}],"predecessor-version":[{"id":14775,"href":"https:\/\/www.relac.net\/v1\/wp-json\/wp\/v2\/posts\/14764\/revisions\/14775"}],"wp:featuredmedia":[{"embeddable":true,"href":"https:\/\/www.relac.net\/v1\/wp-json\/wp\/v2\/media\/14769"}],"wp:attachment":[{"href":"https:\/\/www.relac.net\/v1\/wp-json\/wp\/v2\/media?parent=14764"}],"wp:term":[{"taxonomy":"category","embeddable":true,"href":"https:\/\/www.relac.net\/v1\/wp-json\/wp\/v2\/categories?post=14764"},{"taxonomy":"post_tag","embeddable":true,"href":"https:\/\/www.relac.net\/v1\/wp-json\/wp\/v2\/tags?post=14764"}],"curies":[{"name":"wp","href":"https:\/\/api.w.org\/{rel}","templated":true}]}}