{"id":14715,"date":"2021-10-01T20:50:16","date_gmt":"2021-10-02T00:50:16","guid":{"rendered":"https:\/\/www.relac.net\/?p=14715"},"modified":"2021-10-01T23:17:25","modified_gmt":"2021-10-02T03:17:25","slug":"relaccelebra","status":"publish","type":"post","link":"https:\/\/www.relac.net\/v1\/relaccelebra\/","title":{"rendered":"ReLAC Celebra sus 17 a\u00f1os (octubre, nuestro mes)"},"content":{"rendered":"<p><img loading=\"lazy\" decoding=\"async\" class=\"aligncenter wp-image-14722 size-full\" src=\"https:\/\/www.relac.net\/wp-content\/uploads\/2021\/10\/Cumplean\u0303os-RELAC-BANNER-1.jpeg\" alt=\"\" width=\"1280\" height=\"920\" srcset=\"https:\/\/www.relac.net\/v1\/wp-content\/uploads\/2021\/10\/Cumplean\u0303os-RELAC-BANNER-1.jpeg 1280w, https:\/\/www.relac.net\/v1\/wp-content\/uploads\/2021\/10\/Cumplean\u0303os-RELAC-BANNER-1-300x216.jpeg 300w, https:\/\/www.relac.net\/v1\/wp-content\/uploads\/2021\/10\/Cumplean\u0303os-RELAC-BANNER-1-1024x736.jpeg 1024w, https:\/\/www.relac.net\/v1\/wp-content\/uploads\/2021\/10\/Cumplean\u0303os-RELAC-BANNER-1-768x552.jpeg 768w, https:\/\/www.relac.net\/v1\/wp-content\/uploads\/2021\/10\/Cumplean\u0303os-RELAC-BANNER-1-100x72.jpeg 100w, https:\/\/www.relac.net\/v1\/wp-content\/uploads\/2021\/10\/Cumplean\u0303os-RELAC-BANNER-1-672x483.jpeg 672w, https:\/\/www.relac.net\/v1\/wp-content\/uploads\/2021\/10\/Cumplean\u0303os-RELAC-BANNER-1-1038x746.jpeg 1038w, https:\/\/www.relac.net\/v1\/wp-content\/uploads\/2021\/10\/Cumplean\u0303os-RELAC-BANNER-1-480x345.jpeg 480w\" sizes=\"auto, (max-width: 1280px) 100vw, 1280px\" \/><\/p>\n<p style=\"text-align: right;\">Regi\u00f3n latinoamericana y el Caribe, 1 de Octubre, 2021.<\/p>\n<p>Son muchos a\u00f1os ya, de haberse constituido como la Red consolidada que hoy con cari\u00f1o llamamos &#8220;la ReLAC.&#8221;\u00a0 Ha implicado mucho esfuerzo, dedicaci\u00f3n, pasi\u00f3n de quienes decidieron donar sus saberes, su tiempo y muchos de sus recursos, para que hoy podamos decir que alcanzamos a una comunidad de m\u00e1s de 2000 personas interesadas en que la cultura de la evaluaci\u00f3n crezca.\u00a0 Esto es algo que definitivamente amerita hacer una pausa y celebrar&#8230; recordar an\u00e9cdotas y, por supuesto: <span style=\"color: #008000;\"><strong>\u00a1EVALUAR!<\/strong> Tomar todas las lecciones aprendidas y mejorar.<\/span><\/p>\n<p>Nuestra investigaci\u00f3n -a trav\u00e9s de la colaboraci\u00f3n siempre atenta de las y los miembros fundadores y grupos promotores- nos dice que la ReLAC tiene partida de nacimiento (\u00a1y mucho trabajo de gestaci\u00f3n!):\u00a0En el marco de la <span style=\"color: #008000;\"><strong>1ra Conferencia de ReLAC, que se llev\u00f3 a cabo en Lima-Per\u00fa, en el mes de octubre de 2004,<\/strong><\/span> se realiz\u00f3 una reuni\u00f3n de planeaci\u00f3n con la participaci\u00f3n de asistentes provenientes de 16 pa\u00edses de la regi\u00f3n. En esta reuni\u00f3n se aprobaron la <em>misi\u00f3n, visi\u00f3n y objetivos<\/em>, as\u00ed como la estructura, membres\u00eda, la conformaci\u00f3n y elecci\u00f3n del Comit\u00e9 Coordinador (integrado por representantes de los 16 pa\u00edses) y el Comit\u00e9 Ejecutivo. A partir de esta reuni\u00f3n y decisiones tomadas, se puede decir que la ReLAC qued\u00f3 plenamente configurada y en funcionamiento.<\/p>\n<p>Hoy, <strong><span style=\"color: #008000;\">17 a\u00f1os despu\u00e9s,<\/span><\/strong> queremos honrar todos estos esfuerzos y, con m\u00e1s motivaci\u00f3n que nunca, disponernos a continuar creciendo para fortalecer una cultura de la evaluaci\u00f3n con perspectiva regional que contribuya de manera concreta a transformar la vida de las personas y sus comunidades.<\/p>\n<p><span style=\"color: #008000;\">Porque #JuntosSomosReLAC.<\/span><\/p>\n<p>Con cari\u00f1o,<\/p>\n<p>Comit\u00e9 Ejecutivo ReLAC 2021<\/p>\n<p>&nbsp;<\/p>\n<p><span style=\"color: #339966;\"><span style=\"color: #008000;\"><strong>PD<\/strong><\/span>:\u00a0<\/span> Y empezamos la celebraci\u00f3n de nuestro Aniversario de 17 a\u00f1os con un gran regalo&#8230; pero \u00a1para ustedes! \ud83e\udd73<\/p>\n<p>Link:<a href=\"https:\/\/www.relac.net\/conoce-el-nuevo-podcast-de-cultura-de-la-evaluacion-de-la-relac\/\">\u00a0https:\/\/www.relac.net\/podcast-de-la-relac\/<\/a><\/p>\n<p>&nbsp;<\/p>\n","protected":false},"excerpt":{"rendered":"<p>Regi\u00f3n latinoamericana y el Caribe, 1 de Octubre, 2021. Son muchos a\u00f1os ya, de haberse constituido como la Red consolidada que hoy con cari\u00f1o llamamos &#8220;la ReLAC.&#8221;\u00a0 Ha implicado mucho esfuerzo, dedicaci\u00f3n, pasi\u00f3n de quienes decidieron donar sus saberes, su tiempo y muchos de sus recursos, para que hoy podamos decir que alcanzamos a una comunidad de m\u00e1s de 2000 [&hellip;]<\/p>\n","protected":false},"author":159,"featured_media":14722,"comment_status":"open","ping_status":"open","sticky":false,"template":"","format":"standard","meta":{"_bbp_topic_count":0,"_bbp_reply_count":0,"_bbp_total_topic_count":0,"_bbp_total_reply_count":0,"_bbp_voice_count":0,"_bbp_anonymous_reply_count":0,"_bbp_topic_count_hidden":0,"_bbp_reply_count_hidden":0,"_bbp_forum_subforum_count":0,"_monsterinsights_skip_tracking":false,"_monsterinsights_sitenote_active":false,"_monsterinsights_sitenote_note":"","_monsterinsights_sitenote_category":0,"cybocfi_hide_featured_image":"yes","footnotes":""},"categories":[21],"tags":[],"class_list":["post-14715","post","type-post","status-publish","format-standard","has-post-thumbnail","hentry","category-noticias"],"_links":{"self":[{"href":"https:\/\/www.relac.net\/v1\/wp-json\/wp\/v2\/posts\/14715","targetHints":{"allow":["GET"]}}],"collection":[{"href":"https:\/\/www.relac.net\/v1\/wp-json\/wp\/v2\/posts"}],"about":[{"href":"https:\/\/www.relac.net\/v1\/wp-json\/wp\/v2\/types\/post"}],"author":[{"embeddable":true,"href":"https:\/\/www.relac.net\/v1\/wp-json\/wp\/v2\/users\/159"}],"replies":[{"embeddable":true,"href":"https:\/\/www.relac.net\/v1\/wp-json\/wp\/v2\/comments?post=14715"}],"version-history":[{"count":9,"href":"https:\/\/www.relac.net\/v1\/wp-json\/wp\/v2\/posts\/14715\/revisions"}],"predecessor-version":[{"id":14736,"href":"https:\/\/www.relac.net\/v1\/wp-json\/wp\/v2\/posts\/14715\/revisions\/14736"}],"wp:featuredmedia":[{"embeddable":true,"href":"https:\/\/www.relac.net\/v1\/wp-json\/wp\/v2\/media\/14722"}],"wp:attachment":[{"href":"https:\/\/www.relac.net\/v1\/wp-json\/wp\/v2\/media?parent=14715"}],"wp:term":[{"taxonomy":"category","embeddable":true,"href":"https:\/\/www.relac.net\/v1\/wp-json\/wp\/v2\/categories?post=14715"},{"taxonomy":"post_tag","embeddable":true,"href":"https:\/\/www.relac.net\/v1\/wp-json\/wp\/v2\/tags?post=14715"}],"curies":[{"name":"wp","href":"https:\/\/api.w.org\/{rel}","templated":true}]}}