{"id":14660,"date":"2021-09-01T19:48:17","date_gmt":"2021-09-01T23:48:17","guid":{"rendered":"https:\/\/www.relac.net\/?p=14660"},"modified":"2021-09-01T20:05:50","modified_gmt":"2021-09-02T00:05:50","slug":"lanzamiento-de-la-nueva-edicion-del-libro-estandares-de-evaluacion-para-america-latina-y-el-caribe","status":"publish","type":"post","link":"https:\/\/www.relac.net\/v1\/lanzamiento-de-la-nueva-edicion-del-libro-estandares-de-evaluacion-para-america-latina-y-el-caribe\/","title":{"rendered":"Lanzamiento de la nueva edici\u00f3n del libro &#8220;EST\u00c1NDARES DE EVALUACI\u00d3N PARA AM\u00c9RICA LATINA Y EL CARIBE&#8221;"},"content":{"rendered":"<p>El pasado lunes 30 de agosto, 2021, se realiz\u00f3 el lanzamiento de la nueva edici\u00f3n del libro &#8220;EST\u00c1NDARES DE EVALUACI\u00d3N PARA AM\u00c9RICA LATINA Y EL CARIBE&#8221;, un proyecto de construcci\u00f3n colectiva de la comunidad de la Red de Seguimiento, Evaluaci\u00f3n y Sistematizaci\u00f3n de Latinoamericana y el Caribe (ReLAC).<\/p>\n<p>El evento cont\u00f3 con las palabras de bienvenida de Celeste Ghiano, Coordinadora de ReLAC y quien lidera el Grupo de Trabajo de Est\u00e1ndares de Evaluaci\u00f3n. Acompa\u00f1\u00f3 a las palabras de apertura en portugu\u00e9s Cristiane Camboim, miembro del Comit\u00e9 Ejecutivo de ReLAC.<\/p>\n<p><img loading=\"lazy\" decoding=\"async\" class=\"aligncenter wp-image-14662 size-medium\" src=\"https:\/\/www.relac.net\/wp-content\/uploads\/2021\/09\/celeste-300x165.jpeg\" alt=\"\" width=\"300\" height=\"165\" srcset=\"https:\/\/www.relac.net\/v1\/wp-content\/uploads\/2021\/09\/celeste-300x165.jpeg 300w, https:\/\/www.relac.net\/v1\/wp-content\/uploads\/2021\/09\/celeste-1024x563.jpeg 1024w, https:\/\/www.relac.net\/v1\/wp-content\/uploads\/2021\/09\/celeste-768x422.jpeg 768w, https:\/\/www.relac.net\/v1\/wp-content\/uploads\/2021\/09\/celeste-100x55.jpeg 100w, https:\/\/www.relac.net\/v1\/wp-content\/uploads\/2021\/09\/celeste-672x369.jpeg 672w, https:\/\/www.relac.net\/v1\/wp-content\/uploads\/2021\/09\/celeste-1038x571.jpeg 1038w, https:\/\/www.relac.net\/v1\/wp-content\/uploads\/2021\/09\/celeste.jpeg 1137w\" sizes=\"auto, (max-width: 300px) 100vw, 300px\" \/><\/p>\n<p>El documento de Est\u00e1ndares ha sido posible tambi\u00e9n gracias al apoyo del programa FOCELAC+, del Instituto Alem\u00e1n para la Cooperaci\u00f3n al Desarrollo (DEval). En representaci\u00f3n de la instituci\u00f3n, Helena Stadtmueller, ofreci\u00f3 unas palabras de bienvenida y record\u00f3 los v\u00ednculos del programa con las iniciativas de RELAC.<\/p>\n<p><img loading=\"lazy\" decoding=\"async\" class=\"aligncenter wp-image-14665 size-medium\" src=\"https:\/\/www.relac.net\/wp-content\/uploads\/2021\/09\/helena-300x154.jpeg\" alt=\"\" width=\"300\" height=\"154\" srcset=\"https:\/\/www.relac.net\/v1\/wp-content\/uploads\/2021\/09\/helena-300x154.jpeg 300w, https:\/\/www.relac.net\/v1\/wp-content\/uploads\/2021\/09\/helena-1024x525.jpeg 1024w, https:\/\/www.relac.net\/v1\/wp-content\/uploads\/2021\/09\/helena-768x394.jpeg 768w, https:\/\/www.relac.net\/v1\/wp-content\/uploads\/2021\/09\/helena-100x51.jpeg 100w, https:\/\/www.relac.net\/v1\/wp-content\/uploads\/2021\/09\/helena-672x344.jpeg 672w, https:\/\/www.relac.net\/v1\/wp-content\/uploads\/2021\/09\/helena-1038x532.jpeg 1038w, https:\/\/www.relac.net\/v1\/wp-content\/uploads\/2021\/09\/helena.jpeg 1280w\" sizes=\"auto, (max-width: 300px) 100vw, 300px\" \/><\/p>\n<p>Seguidamente Ana Luisa Guzm\u00e1n y Luis Sober\u00f3n, miembros del Grupo de Trabajo de Est\u00e1ndares, compartieron el camino recorrido para esta nueva versi\u00f3n que reflej\u00f3 un proceso participativo y de continuo di\u00e1logo.<\/p>\n<p><img loading=\"lazy\" decoding=\"async\" class=\"wp-image-14663 aligncenter\" src=\"https:\/\/www.relac.net\/wp-content\/uploads\/2021\/09\/ana-luisa-300x139.jpeg\" alt=\"\" width=\"319\" height=\"148\" data-wp-editing=\"1\" srcset=\"https:\/\/www.relac.net\/v1\/wp-content\/uploads\/2021\/09\/ana-luisa-300x139.jpeg 300w, https:\/\/www.relac.net\/v1\/wp-content\/uploads\/2021\/09\/ana-luisa-1024x475.jpeg 1024w, https:\/\/www.relac.net\/v1\/wp-content\/uploads\/2021\/09\/ana-luisa-768x356.jpeg 768w, https:\/\/www.relac.net\/v1\/wp-content\/uploads\/2021\/09\/ana-luisa-100x46.jpeg 100w, https:\/\/www.relac.net\/v1\/wp-content\/uploads\/2021\/09\/ana-luisa-672x312.jpeg 672w, https:\/\/www.relac.net\/v1\/wp-content\/uploads\/2021\/09\/ana-luisa-1038x482.jpeg 1038w, https:\/\/www.relac.net\/v1\/wp-content\/uploads\/2021\/09\/ana-luisa.jpeg 1280w\" sizes=\"auto, (max-width: 319px) 100vw, 319px\" \/><img loading=\"lazy\" decoding=\"async\" class=\" wp-image-14664 aligncenter\" src=\"https:\/\/www.relac.net\/wp-content\/uploads\/2021\/09\/luis-300x148.jpeg\" alt=\"\" width=\"320\" height=\"158\" srcset=\"https:\/\/www.relac.net\/v1\/wp-content\/uploads\/2021\/09\/luis-300x148.jpeg 300w, https:\/\/www.relac.net\/v1\/wp-content\/uploads\/2021\/09\/luis-1024x506.jpeg 1024w, https:\/\/www.relac.net\/v1\/wp-content\/uploads\/2021\/09\/luis-768x379.jpeg 768w, https:\/\/www.relac.net\/v1\/wp-content\/uploads\/2021\/09\/luis-100x49.jpeg 100w, https:\/\/www.relac.net\/v1\/wp-content\/uploads\/2021\/09\/luis-672x332.jpeg 672w, https:\/\/www.relac.net\/v1\/wp-content\/uploads\/2021\/09\/luis-1038x513.jpeg 1038w, https:\/\/www.relac.net\/v1\/wp-content\/uploads\/2021\/09\/luis.jpeg 1273w\" sizes=\"auto, (max-width: 320px) 100vw, 320px\" \/><\/p>\n<p>El evento cont\u00f3 con dos invitadas especiales: Megan Kennedy, Directora de la Unidad de Evaluaci\u00f3n de la OCDE y la Ministra Pilar Garrido Gonz\u00e1lez de MIDEPLAN quienes, a partir de la coordinaci\u00f3n de Marcia Itzel Checa, compartieron sus reflexiones sobre la importancia que tiene este documento para nuestra regi\u00f3n de Am\u00e9rica Latina y el Caribe y algunas recomendaciones para su aplicaci\u00f3n.<\/p>\n<p><img loading=\"lazy\" decoding=\"async\" class=\"wp-image-14666 aligncenter\" src=\"https:\/\/www.relac.net\/wp-content\/uploads\/2021\/09\/megan-300x154.jpeg\" alt=\"\" width=\"325\" height=\"167\" srcset=\"https:\/\/www.relac.net\/v1\/wp-content\/uploads\/2021\/09\/megan-300x154.jpeg 300w, https:\/\/www.relac.net\/v1\/wp-content\/uploads\/2021\/09\/megan-1024x526.jpeg 1024w, https:\/\/www.relac.net\/v1\/wp-content\/uploads\/2021\/09\/megan-768x395.jpeg 768w, https:\/\/www.relac.net\/v1\/wp-content\/uploads\/2021\/09\/megan-100x51.jpeg 100w, https:\/\/www.relac.net\/v1\/wp-content\/uploads\/2021\/09\/megan-672x345.jpeg 672w, https:\/\/www.relac.net\/v1\/wp-content\/uploads\/2021\/09\/megan-1038x534.jpeg 1038w, https:\/\/www.relac.net\/v1\/wp-content\/uploads\/2021\/09\/megan.jpeg 1280w\" sizes=\"auto, (max-width: 325px) 100vw, 325px\" \/> <img loading=\"lazy\" decoding=\"async\" class=\" wp-image-14668 aligncenter\" src=\"https:\/\/www.relac.net\/wp-content\/uploads\/2021\/09\/pilar-300x168.jpeg\" alt=\"\" width=\"325\" height=\"182\" srcset=\"https:\/\/www.relac.net\/v1\/wp-content\/uploads\/2021\/09\/pilar-300x168.jpeg 300w, https:\/\/www.relac.net\/v1\/wp-content\/uploads\/2021\/09\/pilar-1024x573.jpeg 1024w, https:\/\/www.relac.net\/v1\/wp-content\/uploads\/2021\/09\/pilar-768x430.jpeg 768w, https:\/\/www.relac.net\/v1\/wp-content\/uploads\/2021\/09\/pilar-100x56.jpeg 100w, https:\/\/www.relac.net\/v1\/wp-content\/uploads\/2021\/09\/pilar-672x376.jpeg 672w, https:\/\/www.relac.net\/v1\/wp-content\/uploads\/2021\/09\/pilar-1038x581.jpeg 1038w, https:\/\/www.relac.net\/v1\/wp-content\/uploads\/2021\/09\/pilar-128x72.jpeg 128w, https:\/\/www.relac.net\/v1\/wp-content\/uploads\/2021\/09\/pilar.jpeg 1185w\" sizes=\"auto, (max-width: 325px) 100vw, 325px\" \/><\/p>\n<p>Finalmente Sergio Martinic, quien tambi\u00e9n es parte del Grupo de Trabajo, cerr\u00f3 el espacio enfatizando sobre este documento \u00fanico para la regi\u00f3n, cuyo dise\u00f1o servir\u00e1 para optimizar la calidad de las evaluaciones de Pol\u00edticas, Programas y Proyectos de Desarrollo y generar evidencias que permitan transformar las realidades de nuestros pa\u00edses.<\/p>\n<p>Para ver el lanzamiento completo:\u00a0<a href=\"https:\/\/fb.watch\/7KqyWdemwl\/\">https:\/\/fb.watch\/7KqyWdemwl\/<\/a><\/p>\n<p>La nueva versi\u00f3n de los Est\u00e1ndares, conformada por cuatro dimensiones (1. Rigurosidad; 2. \u00c9tica y Principios jur\u00eddicos; 3. Comprensi\u00f3n Cultural y 4. Relevancia y Utilidad) cuenta adem\u00e1s con un trabajo de contextualizaci\u00f3n de nuestra regi\u00f3n, unos conceptos, principios y enfoques transversales que les dan sentido.<br \/>\nLos Est\u00e1ndares de Evaluaci\u00f3n pretenden ser una orientaci\u00f3n para una mayor calidad de los procesos evaluativos que se realizan en Am\u00e9rica Latina y el Caribe y, como tal es un documento vivo que se optimizar\u00e1 con su mayor uso. Es as\u00ed que les invitamos a leerlo y a aplicarlo, descargando el documento en espa\u00f1ol, portugu\u00e9s e ingl\u00e9s en:\u00a0<a href=\"https:\/\/www.relac.net\/estandares-de-evaluacion-2021\/\">https:\/\/www.relac.net\/estandares-de-evaluacion-2021\/<\/a><\/p>\n","protected":false},"excerpt":{"rendered":"<p>El pasado lunes 30 de agosto, 2021, se realiz\u00f3 el lanzamiento de la nueva edici\u00f3n del libro &#8220;EST\u00c1NDARES DE EVALUACI\u00d3N PARA AM\u00c9RICA LATINA Y EL CARIBE&#8221;, un proyecto de construcci\u00f3n colectiva de la comunidad de la Red de Seguimiento, Evaluaci\u00f3n y Sistematizaci\u00f3n de Latinoamericana y el Caribe (ReLAC). El evento cont\u00f3 con las palabras de bienvenida de Celeste Ghiano, Coordinadora [&hellip;]<\/p>\n","protected":false},"author":159,"featured_media":14674,"comment_status":"open","ping_status":"open","sticky":false,"template":"","format":"standard","meta":{"_bbp_topic_count":0,"_bbp_reply_count":0,"_bbp_total_topic_count":0,"_bbp_total_reply_count":0,"_bbp_voice_count":0,"_bbp_anonymous_reply_count":0,"_bbp_topic_count_hidden":0,"_bbp_reply_count_hidden":0,"_bbp_forum_subforum_count":0,"_monsterinsights_skip_tracking":false,"_monsterinsights_sitenote_active":false,"_monsterinsights_sitenote_note":"","_monsterinsights_sitenote_category":0,"cybocfi_hide_featured_image":"","footnotes":""},"categories":[21],"tags":[],"class_list":["post-14660","post","type-post","status-publish","format-standard","has-post-thumbnail","hentry","category-noticias"],"_links":{"self":[{"href":"https:\/\/www.relac.net\/v1\/wp-json\/wp\/v2\/posts\/14660","targetHints":{"allow":["GET"]}}],"collection":[{"href":"https:\/\/www.relac.net\/v1\/wp-json\/wp\/v2\/posts"}],"about":[{"href":"https:\/\/www.relac.net\/v1\/wp-json\/wp\/v2\/types\/post"}],"author":[{"embeddable":true,"href":"https:\/\/www.relac.net\/v1\/wp-json\/wp\/v2\/users\/159"}],"replies":[{"embeddable":true,"href":"https:\/\/www.relac.net\/v1\/wp-json\/wp\/v2\/comments?post=14660"}],"version-history":[{"count":7,"href":"https:\/\/www.relac.net\/v1\/wp-json\/wp\/v2\/posts\/14660\/revisions"}],"predecessor-version":[{"id":14677,"href":"https:\/\/www.relac.net\/v1\/wp-json\/wp\/v2\/posts\/14660\/revisions\/14677"}],"wp:featuredmedia":[{"embeddable":true,"href":"https:\/\/www.relac.net\/v1\/wp-json\/wp\/v2\/media\/14674"}],"wp:attachment":[{"href":"https:\/\/www.relac.net\/v1\/wp-json\/wp\/v2\/media?parent=14660"}],"wp:term":[{"taxonomy":"category","embeddable":true,"href":"https:\/\/www.relac.net\/v1\/wp-json\/wp\/v2\/categories?post=14660"},{"taxonomy":"post_tag","embeddable":true,"href":"https:\/\/www.relac.net\/v1\/wp-json\/wp\/v2\/tags?post=14660"}],"curies":[{"name":"wp","href":"https:\/\/api.w.org\/{rel}","templated":true}]}}