{"id":14628,"date":"2021-08-02T14:47:09","date_gmt":"2021-08-02T18:47:09","guid":{"rendered":"https:\/\/www.relac.net\/?p=14628"},"modified":"2021-08-02T14:50:35","modified_gmt":"2021-08-02T18:50:35","slug":"primer-repositorio-de-bibliografia-y-experiencias-sobre-evaluacion-de-latinoamerica-y-el-caribe","status":"publish","type":"post","link":"https:\/\/www.relac.net\/v1\/primer-repositorio-de-bibliografia-y-experiencias-sobre-evaluacion-de-latinoamerica-y-el-caribe\/","title":{"rendered":"Primer Repositorio de bibliograf\u00eda y experiencias sobre evaluaci\u00f3n de Latinoam\u00e9rica y el Caribe"},"content":{"rendered":"<p>El pasado martes 27 de julio, la Red de Seguimiento, Evaluaci\u00f3n y Sistematizaci\u00f3n de Latinoam\u00e9rica y el Caribe \u2013 ReLAC-, con el apoyo del proyecto FOCELAC+ (DEval), realiz\u00f3 el <strong>lanzamiento oficial del Primer Repositorio de <\/strong><strong>bibliograf\u00eda y experiencias sobre evaluaci\u00f3n de Am\u00e9rica Latina y el Caribe.<\/strong><\/p>\n<p>Esta iniciativa, originada en el marco del trabajo del Grupo de Est\u00e1ndares de Evaluaci\u00f3n para Am\u00e9rica Latina y el Caribe, re\u00fane m\u00e1s de 900 art\u00edculos, videos y experiencias sobre evaluaci\u00f3n de autoras y autores de la regi\u00f3n y fue elaborado por un equipo consultor conformado por Iriana Ferreyra (Argentina) y Sergio V\u00e1zquez Meneley (M\u00e9xico) con el apoyo de integrantes del Comit\u00e9 Ejecutivo de ReLAC y cuyos dos grandes objetivos fueron:<\/p>\n<p>1. Recolectar y sistematizar bibliograf\u00eda publicada sobre el abordaje del seguimiento y la evaluaci\u00f3n en Am\u00e9rica Latina y el Caribe, escrita por autoras y autores latinoamericanos.<br \/>\n2. Sistematizar y presentar experiencias no publicadas de evaluadoras y evaluadores de Latinoam\u00e9rica, que constituyan abordajes desde y para las realidades de nuestra regi\u00f3n.<\/p>\n<p>La coordinadora general de ReLAC y actual coordinadora del Grupo de Trabajo de los Est\u00e1ndares de Evaluaci\u00f3n, Celeste Ghiano, expresaba que \u201cEsta iniciativa surge en medio del trabajo que estamos haciendo desde 2019 un grupo de 8 personas \u2013con la colaboraci\u00f3n invaluable de muchas personas de la comunidad evaluadora de la regi\u00f3n- para lanzar pr\u00f3ximamente la nueva versi\u00f3n de los Est\u00e1ndares de Evaluaci\u00f3n para la regi\u00f3n. La atenci\u00f3n de la comunidad evaluadora involucrada en la revisi\u00f3n del documento original de los Est\u00e1ndares se fijaba en atender a las particularidades de nuestra Am\u00e9rica, lo que nos exig\u00eda identificar las producciones de autoras\/es de la regi\u00f3n y sus experiencias. En este sentido, consideramos de especial importancia poder reunir en un \u201clugar com\u00fan\u201d las experiencias de abordaje de la evaluaci\u00f3n y los avances en materia de investigaci\u00f3n en Evaluaci\u00f3n producidos en y para la regi\u00f3n, como material de gran utilidad y de acceso libre para quienes lo necesiten\u201d.<\/p>\n<p>Por su parte, Helena Stadtmueller (representante del Proyecto FOCELAC+) destacaba la vinculaci\u00f3n entre los objetivos del proyecto con esta iniciativa en particular, en el sentido de fortalecer las capacidades en evaluaci\u00f3n en la regi\u00f3n.<\/p>\n<p>Durante el evento, el equipo consultor hizo un repaso pormenorizado del trabajo realizado y los criterios metodol\u00f3gicos para la recolecci\u00f3n.<\/p>\n<p><img loading=\"lazy\" decoding=\"async\" class=\"alignnone size-medium wp-image-14630\" src=\"https:\/\/www.relac.net\/wp-content\/uploads\/2021\/08\/WhatsApp-Image-2021-08-02-at-14.13.14-1-300x177.jpeg\" alt=\"\" width=\"300\" height=\"177\" srcset=\"https:\/\/www.relac.net\/v1\/wp-content\/uploads\/2021\/08\/WhatsApp-Image-2021-08-02-at-14.13.14-1-300x177.jpeg 300w, https:\/\/www.relac.net\/v1\/wp-content\/uploads\/2021\/08\/WhatsApp-Image-2021-08-02-at-14.13.14-1-768x453.jpeg 768w, https:\/\/www.relac.net\/v1\/wp-content\/uploads\/2021\/08\/WhatsApp-Image-2021-08-02-at-14.13.14-1-100x59.jpeg 100w, https:\/\/www.relac.net\/v1\/wp-content\/uploads\/2021\/08\/WhatsApp-Image-2021-08-02-at-14.13.14-1-672x396.jpeg 672w, https:\/\/www.relac.net\/v1\/wp-content\/uploads\/2021\/08\/WhatsApp-Image-2021-08-02-at-14.13.14-1.jpeg 997w\" sizes=\"auto, (max-width: 300px) 100vw, 300px\" \/> <img loading=\"lazy\" decoding=\"async\" class=\"alignnone size-medium wp-image-14631\" src=\"https:\/\/www.relac.net\/wp-content\/uploads\/2021\/08\/WhatsApp-Image-2021-08-02-at-14.13.14-2-300x143.jpeg\" alt=\"\" width=\"300\" height=\"143\" srcset=\"https:\/\/www.relac.net\/v1\/wp-content\/uploads\/2021\/08\/WhatsApp-Image-2021-08-02-at-14.13.14-2-300x143.jpeg 300w, https:\/\/www.relac.net\/v1\/wp-content\/uploads\/2021\/08\/WhatsApp-Image-2021-08-02-at-14.13.14-2-768x366.jpeg 768w, https:\/\/www.relac.net\/v1\/wp-content\/uploads\/2021\/08\/WhatsApp-Image-2021-08-02-at-14.13.14-2-100x48.jpeg 100w, https:\/\/www.relac.net\/v1\/wp-content\/uploads\/2021\/08\/WhatsApp-Image-2021-08-02-at-14.13.14-2-672x320.jpeg 672w, https:\/\/www.relac.net\/v1\/wp-content\/uploads\/2021\/08\/WhatsApp-Image-2021-08-02-at-14.13.14-2.jpeg 908w\" sizes=\"auto, (max-width: 300px) 100vw, 300px\" \/> <img loading=\"lazy\" decoding=\"async\" class=\"alignnone size-medium wp-image-14632\" src=\"https:\/\/www.relac.net\/wp-content\/uploads\/2021\/08\/WhatsApp-Image-2021-08-02-at-14.13.14-3-300x159.jpeg\" alt=\"\" width=\"300\" height=\"159\" srcset=\"https:\/\/www.relac.net\/v1\/wp-content\/uploads\/2021\/08\/WhatsApp-Image-2021-08-02-at-14.13.14-3-300x159.jpeg 300w, https:\/\/www.relac.net\/v1\/wp-content\/uploads\/2021\/08\/WhatsApp-Image-2021-08-02-at-14.13.14-3-768x408.jpeg 768w, https:\/\/www.relac.net\/v1\/wp-content\/uploads\/2021\/08\/WhatsApp-Image-2021-08-02-at-14.13.14-3-100x53.jpeg 100w, https:\/\/www.relac.net\/v1\/wp-content\/uploads\/2021\/08\/WhatsApp-Image-2021-08-02-at-14.13.14-3-672x357.jpeg 672w, https:\/\/www.relac.net\/v1\/wp-content\/uploads\/2021\/08\/WhatsApp-Image-2021-08-02-at-14.13.14-3.jpeg 890w\" sizes=\"auto, (max-width: 300px) 100vw, 300px\" \/> <img loading=\"lazy\" decoding=\"async\" class=\"alignnone size-medium wp-image-14633\" src=\"https:\/\/www.relac.net\/wp-content\/uploads\/2021\/08\/WhatsApp-Image-2021-08-02-at-14.13.14-4-300x180.jpeg\" alt=\"\" width=\"300\" height=\"180\" srcset=\"https:\/\/www.relac.net\/v1\/wp-content\/uploads\/2021\/08\/WhatsApp-Image-2021-08-02-at-14.13.14-4-300x180.jpeg 300w, https:\/\/www.relac.net\/v1\/wp-content\/uploads\/2021\/08\/WhatsApp-Image-2021-08-02-at-14.13.14-4-768x462.jpeg 768w, https:\/\/www.relac.net\/v1\/wp-content\/uploads\/2021\/08\/WhatsApp-Image-2021-08-02-at-14.13.14-4-100x60.jpeg 100w, https:\/\/www.relac.net\/v1\/wp-content\/uploads\/2021\/08\/WhatsApp-Image-2021-08-02-at-14.13.14-4-672x404.jpeg 672w, https:\/\/www.relac.net\/v1\/wp-content\/uploads\/2021\/08\/WhatsApp-Image-2021-08-02-at-14.13.14-4.jpeg 926w\" sizes=\"auto, (max-width: 300px) 100vw, 300px\" \/><\/p>\n<p>Posteriormente, el vicecoordinador de ReLAC, Alfredo Dom\u00ednguez, hizo un recorrido virtual por el repositorio, ense\u00f1ando la modalidad de acceso y uso del mismo, as\u00ed como del Formulario para que la comunidad pueda continuar realizando sus aportes con publicaciones de la regi\u00f3n.<\/p>\n<p><img loading=\"lazy\" decoding=\"async\" class=\"alignnone size-medium wp-image-14634\" src=\"https:\/\/www.relac.net\/wp-content\/uploads\/2021\/08\/WhatsApp-Image-2021-08-02-at-14.13.14-5-300x188.jpeg\" alt=\"\" width=\"300\" height=\"188\" srcset=\"https:\/\/www.relac.net\/v1\/wp-content\/uploads\/2021\/08\/WhatsApp-Image-2021-08-02-at-14.13.14-5-300x188.jpeg 300w, https:\/\/www.relac.net\/v1\/wp-content\/uploads\/2021\/08\/WhatsApp-Image-2021-08-02-at-14.13.14-5-768x481.jpeg 768w, https:\/\/www.relac.net\/v1\/wp-content\/uploads\/2021\/08\/WhatsApp-Image-2021-08-02-at-14.13.14-5-100x63.jpeg 100w, https:\/\/www.relac.net\/v1\/wp-content\/uploads\/2021\/08\/WhatsApp-Image-2021-08-02-at-14.13.14-5-672x421.jpeg 672w, https:\/\/www.relac.net\/v1\/wp-content\/uploads\/2021\/08\/WhatsApp-Image-2021-08-02-at-14.13.14-5.jpeg 944w\" sizes=\"auto, (max-width: 300px) 100vw, 300px\" \/><\/p>\n<p>Por su parte, la vocal de Gobierno y Administraci\u00f3n de ReLAC, Cristiane Edna Camboin, acompa\u00f1\u00f3 dando la bienvenida, invitaci\u00f3n a realizar consultas y despedida en portugu\u00e9s.<\/p>\n<p>Fue un evento muy especial para la ReLAC, esperando que este espacio realmente sea de uso para toda la comunidad evaluadora.<\/p>\n","protected":false},"excerpt":{"rendered":"<p>El pasado martes 27 de julio, la Red de Seguimiento, Evaluaci\u00f3n y Sistematizaci\u00f3n de Latinoam\u00e9rica y el Caribe \u2013 ReLAC-, con el apoyo del proyecto FOCELAC+ (DEval), realiz\u00f3 el lanzamiento oficial del Primer Repositorio de bibliograf\u00eda y experiencias sobre evaluaci\u00f3n de Am\u00e9rica Latina y el Caribe. Esta iniciativa, originada en el marco del trabajo del Grupo de Est\u00e1ndares de Evaluaci\u00f3n [&hellip;]<\/p>\n","protected":false},"author":159,"featured_media":14629,"comment_status":"open","ping_status":"open","sticky":false,"template":"","format":"standard","meta":{"_bbp_topic_count":0,"_bbp_reply_count":0,"_bbp_total_topic_count":0,"_bbp_total_reply_count":0,"_bbp_voice_count":0,"_bbp_anonymous_reply_count":0,"_bbp_topic_count_hidden":0,"_bbp_reply_count_hidden":0,"_bbp_forum_subforum_count":0,"_monsterinsights_skip_tracking":false,"_monsterinsights_sitenote_active":false,"_monsterinsights_sitenote_note":"","_monsterinsights_sitenote_category":0,"cybocfi_hide_featured_image":"","footnotes":""},"categories":[21],"tags":[],"class_list":["post-14628","post","type-post","status-publish","format-standard","has-post-thumbnail","hentry","category-noticias"],"_links":{"self":[{"href":"https:\/\/www.relac.net\/v1\/wp-json\/wp\/v2\/posts\/14628","targetHints":{"allow":["GET"]}}],"collection":[{"href":"https:\/\/www.relac.net\/v1\/wp-json\/wp\/v2\/posts"}],"about":[{"href":"https:\/\/www.relac.net\/v1\/wp-json\/wp\/v2\/types\/post"}],"author":[{"embeddable":true,"href":"https:\/\/www.relac.net\/v1\/wp-json\/wp\/v2\/users\/159"}],"replies":[{"embeddable":true,"href":"https:\/\/www.relac.net\/v1\/wp-json\/wp\/v2\/comments?post=14628"}],"version-history":[{"count":2,"href":"https:\/\/www.relac.net\/v1\/wp-json\/wp\/v2\/posts\/14628\/revisions"}],"predecessor-version":[{"id":14636,"href":"https:\/\/www.relac.net\/v1\/wp-json\/wp\/v2\/posts\/14628\/revisions\/14636"}],"wp:featuredmedia":[{"embeddable":true,"href":"https:\/\/www.relac.net\/v1\/wp-json\/wp\/v2\/media\/14629"}],"wp:attachment":[{"href":"https:\/\/www.relac.net\/v1\/wp-json\/wp\/v2\/media?parent=14628"}],"wp:term":[{"taxonomy":"category","embeddable":true,"href":"https:\/\/www.relac.net\/v1\/wp-json\/wp\/v2\/categories?post=14628"},{"taxonomy":"post_tag","embeddable":true,"href":"https:\/\/www.relac.net\/v1\/wp-json\/wp\/v2\/tags?post=14628"}],"curies":[{"name":"wp","href":"https:\/\/api.w.org\/{rel}","templated":true}]}}