{"id":14389,"date":"2021-04-12T14:50:05","date_gmt":"2021-04-12T18:50:05","guid":{"rendered":"https:\/\/www.relac.net\/?p=14389"},"modified":"2021-04-13T10:42:20","modified_gmt":"2021-04-13T14:42:20","slug":"presentacion-candidats-vocalias-y-comite-monitoreo-y-rendicion-de-cuentas","status":"publish","type":"post","link":"https:\/\/www.relac.net\/v1\/presentacion-candidats-vocalias-y-comite-monitoreo-y-rendicion-de-cuentas\/","title":{"rendered":"Presentaci\u00f3n Candidat@s Vocal\u00edas y Comit\u00e9 Monitoreo y Rendici\u00f3n de Cuentas"},"content":{"rendered":"<p>Continuando con el proceso de elecci\u00f3n de los miembros del Comit\u00e9 Ejecutivo, por este medio presentamos los candidatos para Vocal\u00edas y Comit\u00e9 de Monitoreo y Rendici\u00f3n de Cuentas.<\/p>\n<h3><strong>VOCAL\u00cdA DE GRUPOS DE TRABAJO<\/strong><\/h3>\n<p>Andrea Mar\u00eda Wehrle Mart\u00ednez<\/p>\n<p><img loading=\"lazy\" decoding=\"async\" class=\"alignnone size-medium wp-image-14390\" src=\"https:\/\/www.relac.net\/wp-content\/uploads\/2021\/04\/Individual_Andrea-Wehrle-272x300.jpeg\" alt=\"\" width=\"272\" height=\"300\" srcset=\"https:\/\/www.relac.net\/v1\/wp-content\/uploads\/2021\/04\/Individual_Andrea-Wehrle-272x300.jpeg 272w, https:\/\/www.relac.net\/v1\/wp-content\/uploads\/2021\/04\/Individual_Andrea-Wehrle-91x100.jpeg 91w, https:\/\/www.relac.net\/v1\/wp-content\/uploads\/2021\/04\/Individual_Andrea-Wehrle.jpeg 355w\" sizes=\"auto, (max-width: 272px) 100vw, 272px\" \/><\/p>\n<p><a href=\"https:\/\/www.relac.net\/wp-content\/uploads\/2021\/04\/CV-Andrea-Wehrle-Martinez_2021.pdf\">CV Andrea Wehrle Martinez_2021<\/a><\/p>\n<p><a href=\"https:\/\/www.relac.net\/wp-content\/uploads\/2021\/04\/Propuesta-de-Trabajo_Vocalia-Grupo-de-Trabajo_Andrea-Wehrle.pdf\">Propuesta de Trabajo_Vocalia Grupo de Trabajo_Andrea Wehrle<\/a><\/p>\n<h3><\/h3>\n<h3><strong>VOCAL\u00cdA DE PROYECCI\u00d3N Y DIVULGACI\u00d3N<\/strong><\/h3>\n<ul>\n<li>Mario Mart\u00edn Torrez Valverde<\/li>\n<\/ul>\n<p><img loading=\"lazy\" decoding=\"async\" class=\"alignnone size-medium wp-image-14410\" src=\"https:\/\/www.relac.net\/wp-content\/uploads\/2021\/04\/Martin-300x300.jpeg\" alt=\"\" width=\"300\" height=\"300\" srcset=\"https:\/\/www.relac.net\/v1\/wp-content\/uploads\/2021\/04\/Martin.jpeg 300w, https:\/\/www.relac.net\/v1\/wp-content\/uploads\/2021\/04\/Martin-150x150.jpeg 150w, https:\/\/www.relac.net\/v1\/wp-content\/uploads\/2021\/04\/Martin-100x100.jpeg 100w\" sizes=\"auto, (max-width: 300px) 100vw, 300px\" \/><\/p>\n<p><a href=\"https:\/\/www.relac.net\/wp-content\/uploads\/2021\/04\/CV.MTV_.pdf\">CV.MTV<\/a><\/p>\n<p><a href=\"https:\/\/www.relac.net\/wp-content\/uploads\/2021\/04\/PropuestaMTV.pdf\">PropuestaMTV<\/a><\/p>\n<ul>\n<li>Emanuel Blanca<\/li>\n<\/ul>\n<p><img loading=\"lazy\" decoding=\"async\" class=\"alignnone size-medium wp-image-14411\" src=\"https:\/\/www.relac.net\/wp-content\/uploads\/2021\/04\/Foto-ReLAC_Emanuel-Blanca-225x300.jpg\" alt=\"\" width=\"225\" height=\"300\" srcset=\"https:\/\/www.relac.net\/v1\/wp-content\/uploads\/2021\/04\/Foto-ReLAC_Emanuel-Blanca-225x300.jpg 225w, https:\/\/www.relac.net\/v1\/wp-content\/uploads\/2021\/04\/Foto-ReLAC_Emanuel-Blanca-768x1024.jpg 768w, https:\/\/www.relac.net\/v1\/wp-content\/uploads\/2021\/04\/Foto-ReLAC_Emanuel-Blanca-75x100.jpg 75w, https:\/\/www.relac.net\/v1\/wp-content\/uploads\/2021\/04\/Foto-ReLAC_Emanuel-Blanca-1152x1536.jpg 1152w, https:\/\/www.relac.net\/v1\/wp-content\/uploads\/2021\/04\/Foto-ReLAC_Emanuel-Blanca-1536x2048.jpg 1536w, https:\/\/www.relac.net\/v1\/wp-content\/uploads\/2021\/04\/Foto-ReLAC_Emanuel-Blanca-672x896.jpg 672w, https:\/\/www.relac.net\/v1\/wp-content\/uploads\/2021\/04\/Foto-ReLAC_Emanuel-Blanca-1038x1384.jpg 1038w, https:\/\/www.relac.net\/v1\/wp-content\/uploads\/2021\/04\/Foto-ReLAC_Emanuel-Blanca-scaled.jpg 1920w\" sizes=\"auto, (max-width: 225px) 100vw, 225px\" \/><\/p>\n<p><a href=\"https:\/\/www.relac.net\/wp-content\/uploads\/2021\/04\/Emanuel-Blanca-Moya-CV-2021.pdf\">Emanuel Blanca Moya &#8211; CV 2021<\/a><\/p>\n<p><a href=\"https:\/\/www.relac.net\/wp-content\/uploads\/2021\/04\/Carta-de-Postulaci\u00f3n-ReLAC-Vocal\u00eda_Emanuel-Blanca.pdf\">Carta de Postulaci\u00f3n ReLAC Vocal\u00eda_Emanuel Blanca<\/a><\/p>\n<h3><\/h3>\n<h3><strong>VOCAL\u00cdA DE GOBIERNO Y ADMINISTRACI\u00d3N<\/strong><\/h3>\n<p>Cristiane Edna Camboim<\/p>\n<p><img loading=\"lazy\" decoding=\"async\" class=\"alignnone size-medium wp-image-14393\" src=\"https:\/\/www.relac.net\/wp-content\/uploads\/2021\/04\/5.Fotografia_CristianeCamborim_VocaliaGobAdm-247x300.jpg\" alt=\"\" width=\"247\" height=\"300\" srcset=\"https:\/\/www.relac.net\/v1\/wp-content\/uploads\/2021\/04\/5.Fotografia_CristianeCamborim_VocaliaGobAdm-247x300.jpg 247w, https:\/\/www.relac.net\/v1\/wp-content\/uploads\/2021\/04\/5.Fotografia_CristianeCamborim_VocaliaGobAdm-82x100.jpg 82w, https:\/\/www.relac.net\/v1\/wp-content\/uploads\/2021\/04\/5.Fotografia_CristianeCamborim_VocaliaGobAdm-672x818.jpg 672w, https:\/\/www.relac.net\/v1\/wp-content\/uploads\/2021\/04\/5.Fotografia_CristianeCamborim_VocaliaGobAdm.jpg 747w\" sizes=\"auto, (max-width: 247px) 100vw, 247px\" \/><\/p>\n<p><a href=\"https:\/\/www.relac.net\/wp-content\/uploads\/2021\/04\/4.Curriculum_Vitae_CristianeCamboim_VocaliaGobAdm.pdf\">Curriculum_Vitae_CristianeCamboim_VocaliaGobAdm<\/a><\/p>\n<p><a href=\"https:\/\/www.relac.net\/wp-content\/uploads\/2021\/04\/2.Esbozo-de-Propostas-de-Trabajo_CristianeCamborin_VocaliaGobAdm_VerEsp.pdf\">Esbozo de Propostas de Trabajo_CristianeCamborin_VocaliaGobAdm_VerEsp<\/a><\/p>\n<p><a href=\"https:\/\/www.relac.net\/wp-content\/uploads\/2021\/04\/2.Esbozo-de-Propostas-de-Trabajo_CristianeCamborin_VocaliaGobAdm_VerPor.pdf\">Esbozo de Propostas de Trabajo_CristianeCamborin_VocaliaGobAdm_VerPor<\/a><\/p>\n<h3><\/h3>\n<h3>COMIT\u00c9 DE MONITOREO Y RENDICI\u00d3N DE CUENTAS<\/h3>\n<ul>\n<li>Karina \u00c1lvarez<\/li>\n<\/ul>\n<p><img loading=\"lazy\" decoding=\"async\" class=\"alignnone size-medium wp-image-14398\" src=\"https:\/\/www.relac.net\/wp-content\/uploads\/2021\/04\/Foto-Karina-Alvarez-Torres-235x300.jpg\" alt=\"\" width=\"235\" height=\"300\" srcset=\"https:\/\/www.relac.net\/v1\/wp-content\/uploads\/2021\/04\/Foto-Karina-Alvarez-Torres-235x300.jpg 235w, https:\/\/www.relac.net\/v1\/wp-content\/uploads\/2021\/04\/Foto-Karina-Alvarez-Torres-78x100.jpg 78w, https:\/\/www.relac.net\/v1\/wp-content\/uploads\/2021\/04\/Foto-Karina-Alvarez-Torres.jpg 421w\" sizes=\"auto, (max-width: 235px) 100vw, 235px\" \/><\/p>\n<p><a href=\"https:\/\/www.relac.net\/wp-content\/uploads\/2021\/04\/CV-Karina-Alvarez-Torres-05042021.pdf\">CV Karina Alvarez Torres 05042021<\/a><\/p>\n<ul>\n<li>Pablo Ben\u00edtez<\/li>\n<\/ul>\n<p><img loading=\"lazy\" decoding=\"async\" class=\"alignnone size-medium wp-image-14399\" src=\"https:\/\/www.relac.net\/wp-content\/uploads\/2021\/04\/IMG-20190518-WA0192-300x225.jpg\" alt=\"\" width=\"300\" height=\"225\" srcset=\"https:\/\/www.relac.net\/v1\/wp-content\/uploads\/2021\/04\/IMG-20190518-WA0192-300x225.jpg 300w, https:\/\/www.relac.net\/v1\/wp-content\/uploads\/2021\/04\/IMG-20190518-WA0192-100x75.jpg 100w, https:\/\/www.relac.net\/v1\/wp-content\/uploads\/2021\/04\/IMG-20190518-WA0192-672x504.jpg 672w, https:\/\/www.relac.net\/v1\/wp-content\/uploads\/2021\/04\/IMG-20190518-WA0192.jpg 720w\" sizes=\"auto, (max-width: 300px) 100vw, 300px\" \/><\/p>\n<p><a href=\"https:\/\/www.relac.net\/wp-content\/uploads\/2021\/04\/CV-con-foto-Pablo-Ben\u00edtez-2021-04-08.pdf\">CV con foto Pablo Ben\u00edtez 2021 04 08<\/a><\/p>\n<ul>\n<li>Juan Pablo Castillo<\/li>\n<\/ul>\n<p><img loading=\"lazy\" decoding=\"async\" class=\"size-medium wp-image-14401\" src=\"https:\/\/www.relac.net\/wp-content\/uploads\/2021\/04\/Foto-Juan-Pablo-Castillo-S-224x300.jpg\" alt=\"\" width=\"224\" height=\"300\" srcset=\"https:\/\/www.relac.net\/v1\/wp-content\/uploads\/2021\/04\/Foto-Juan-Pablo-Castillo-S-224x300.jpg 224w, https:\/\/www.relac.net\/v1\/wp-content\/uploads\/2021\/04\/Foto-Juan-Pablo-Castillo-S-765x1024.jpg 765w, https:\/\/www.relac.net\/v1\/wp-content\/uploads\/2021\/04\/Foto-Juan-Pablo-Castillo-S-768x1028.jpg 768w, https:\/\/www.relac.net\/v1\/wp-content\/uploads\/2021\/04\/Foto-Juan-Pablo-Castillo-S-75x100.jpg 75w, https:\/\/www.relac.net\/v1\/wp-content\/uploads\/2021\/04\/Foto-Juan-Pablo-Castillo-S-1147x1536.jpg 1147w, https:\/\/www.relac.net\/v1\/wp-content\/uploads\/2021\/04\/Foto-Juan-Pablo-Castillo-S-672x900.jpg 672w, https:\/\/www.relac.net\/v1\/wp-content\/uploads\/2021\/04\/Foto-Juan-Pablo-Castillo-S-1038x1390.jpg 1038w, https:\/\/www.relac.net\/v1\/wp-content\/uploads\/2021\/04\/Foto-Juan-Pablo-Castillo-S.jpg 1310w\" sizes=\"auto, (max-width: 224px) 100vw, 224px\" \/><\/p>\n<p><a href=\"https:\/\/www.relac.net\/wp-content\/uploads\/2021\/04\/Juan-Pablo-Castillo-S.-CV-2021.pdf\">Juan Pablo Castillo S. &#8211; CV 2021<\/a><\/p>\n<ul>\n<li>Fidel Ar\u00e9valo<\/li>\n<\/ul>\n<p><img loading=\"lazy\" decoding=\"async\" class=\"alignnone size-medium wp-image-14403\" src=\"https:\/\/www.relac.net\/wp-content\/uploads\/2021\/04\/Foto-FA-JP-232x300.jpg\" alt=\"\" width=\"232\" height=\"300\" srcset=\"https:\/\/www.relac.net\/v1\/wp-content\/uploads\/2021\/04\/Foto-FA-JP-232x300.jpg 232w, https:\/\/www.relac.net\/v1\/wp-content\/uploads\/2021\/04\/Foto-FA-JP-791x1024.jpg 791w, https:\/\/www.relac.net\/v1\/wp-content\/uploads\/2021\/04\/Foto-FA-JP-768x994.jpg 768w, https:\/\/www.relac.net\/v1\/wp-content\/uploads\/2021\/04\/Foto-FA-JP-77x100.jpg 77w, https:\/\/www.relac.net\/v1\/wp-content\/uploads\/2021\/04\/Foto-FA-JP-672x870.jpg 672w, https:\/\/www.relac.net\/v1\/wp-content\/uploads\/2021\/04\/Foto-FA-JP.jpg 850w\" sizes=\"auto, (max-width: 232px) 100vw, 232px\" \/><\/p>\n<p><a href=\"https:\/\/www.relac.net\/wp-content\/uploads\/2021\/04\/CV-Fidel-Arevalo-RELAC.pdf\">CV Fidel Arevalo RELAC<\/a><\/p>\n<ul>\n<li>Orbelina Schoneich Tercero<\/li>\n<\/ul>\n<p><img loading=\"lazy\" decoding=\"async\" class=\"alignnone size-medium wp-image-14414\" src=\"https:\/\/www.relac.net\/wp-content\/uploads\/2021\/04\/orbelina-226x300.jpg\" alt=\"\" width=\"226\" height=\"300\" srcset=\"https:\/\/www.relac.net\/v1\/wp-content\/uploads\/2021\/04\/orbelina-226x300.jpg 226w, https:\/\/www.relac.net\/v1\/wp-content\/uploads\/2021\/04\/orbelina-75x100.jpg 75w, https:\/\/www.relac.net\/v1\/wp-content\/uploads\/2021\/04\/orbelina.jpg 277w\" sizes=\"auto, (max-width: 226px) 100vw, 226px\" \/><\/p>\n<p><a href=\"https:\/\/www.relac.net\/wp-content\/uploads\/2021\/04\/CV-HOJA-DE-VIDA-ORBELINA-SCHONEICH-TERCERO-actualizado-a-abril-a\u00f1o-2021.pdf\">CV HOJA DE VIDA ORBELINA SCHONEICH TERCERO actualizado a abril a\u00f1o 2021<\/a><\/p>\n<ul>\n<li>Marcelo Clavijo<\/li>\n<\/ul>\n<p><img loading=\"lazy\" decoding=\"async\" class=\"alignnone size-medium wp-image-14416\" src=\"https:\/\/www.relac.net\/wp-content\/uploads\/2021\/04\/Marcelo-Clavijo-2021-225x300.jpg\" alt=\"\" width=\"225\" height=\"300\" srcset=\"https:\/\/www.relac.net\/v1\/wp-content\/uploads\/2021\/04\/Marcelo-Clavijo-2021-225x300.jpg 225w, https:\/\/www.relac.net\/v1\/wp-content\/uploads\/2021\/04\/Marcelo-Clavijo-2021-768x1024.jpg 768w, https:\/\/www.relac.net\/v1\/wp-content\/uploads\/2021\/04\/Marcelo-Clavijo-2021-75x100.jpg 75w, https:\/\/www.relac.net\/v1\/wp-content\/uploads\/2021\/04\/Marcelo-Clavijo-2021-1152x1536.jpg 1152w, https:\/\/www.relac.net\/v1\/wp-content\/uploads\/2021\/04\/Marcelo-Clavijo-2021-1536x2048.jpg 1536w, https:\/\/www.relac.net\/v1\/wp-content\/uploads\/2021\/04\/Marcelo-Clavijo-2021-672x896.jpg 672w, https:\/\/www.relac.net\/v1\/wp-content\/uploads\/2021\/04\/Marcelo-Clavijo-2021-1038x1384.jpg 1038w, https:\/\/www.relac.net\/v1\/wp-content\/uploads\/2021\/04\/Marcelo-Clavijo-2021-scaled.jpg 1920w\" sizes=\"auto, (max-width: 225px) 100vw, 225px\" \/><\/p>\n<p><a href=\"https:\/\/www.relac.net\/wp-content\/uploads\/2021\/04\/Curriculum-Vittae-Marcelo-Clavijo-Abril-2021-final.pdf\">Curriculum Vittae Marcelo Clavijo &#8211; Abril 2021 final<\/a><\/p>\n","protected":false},"excerpt":{"rendered":"<p>Continuando con el proceso de elecci\u00f3n de los miembros del Comit\u00e9 Ejecutivo, por este medio presentamos los candidatos para Vocal\u00edas y Comit\u00e9 de Monitoreo y Rendici\u00f3n de Cuentas. VOCAL\u00cdA DE GRUPOS DE TRABAJO Andrea Mar\u00eda Wehrle Mart\u00ednez CV Andrea Wehrle Martinez_2021 Propuesta de Trabajo_Vocalia Grupo de Trabajo_Andrea Wehrle VOCAL\u00cdA DE PROYECCI\u00d3N Y DIVULGACI\u00d3N Mario Mart\u00edn Torrez Valverde CV.MTV PropuestaMTV Emanuel [&hellip;]<\/p>\n","protected":false},"author":7,"featured_media":13955,"comment_status":"open","ping_status":"open","sticky":false,"template":"","format":"standard","meta":{"_bbp_topic_count":0,"_bbp_reply_count":0,"_bbp_total_topic_count":0,"_bbp_total_reply_count":0,"_bbp_voice_count":0,"_bbp_anonymous_reply_count":0,"_bbp_topic_count_hidden":0,"_bbp_reply_count_hidden":0,"_bbp_forum_subforum_count":0,"_monsterinsights_skip_tracking":false,"_monsterinsights_sitenote_active":false,"_monsterinsights_sitenote_note":"","_monsterinsights_sitenote_category":0,"cybocfi_hide_featured_image":"","footnotes":""},"categories":[21],"tags":[],"class_list":["post-14389","post","type-post","status-publish","format-standard","has-post-thumbnail","hentry","category-noticias"],"_links":{"self":[{"href":"https:\/\/www.relac.net\/v1\/wp-json\/wp\/v2\/posts\/14389","targetHints":{"allow":["GET"]}}],"collection":[{"href":"https:\/\/www.relac.net\/v1\/wp-json\/wp\/v2\/posts"}],"about":[{"href":"https:\/\/www.relac.net\/v1\/wp-json\/wp\/v2\/types\/post"}],"author":[{"embeddable":true,"href":"https:\/\/www.relac.net\/v1\/wp-json\/wp\/v2\/users\/7"}],"replies":[{"embeddable":true,"href":"https:\/\/www.relac.net\/v1\/wp-json\/wp\/v2\/comments?post=14389"}],"version-history":[{"count":10,"href":"https:\/\/www.relac.net\/v1\/wp-json\/wp\/v2\/posts\/14389\/revisions"}],"predecessor-version":[{"id":14428,"href":"https:\/\/www.relac.net\/v1\/wp-json\/wp\/v2\/posts\/14389\/revisions\/14428"}],"wp:featuredmedia":[{"embeddable":true,"href":"https:\/\/www.relac.net\/v1\/wp-json\/wp\/v2\/media\/13955"}],"wp:attachment":[{"href":"https:\/\/www.relac.net\/v1\/wp-json\/wp\/v2\/media?parent=14389"}],"wp:term":[{"taxonomy":"category","embeddable":true,"href":"https:\/\/www.relac.net\/v1\/wp-json\/wp\/v2\/categories?post=14389"},{"taxonomy":"post_tag","embeddable":true,"href":"https:\/\/www.relac.net\/v1\/wp-json\/wp\/v2\/tags?post=14389"}],"curies":[{"name":"wp","href":"https:\/\/api.w.org\/{rel}","templated":true}]}}