{"id":14175,"date":"2021-01-21T16:49:25","date_gmt":"2021-01-21T20:49:25","guid":{"rendered":"https:\/\/www.relac.net\/?p=14175"},"modified":"2021-01-21T17:08:18","modified_gmt":"2021-01-21T21:08:18","slug":"convocatoria-para-integrar-la-comision-electoral","status":"publish","type":"post","link":"https:\/\/www.relac.net\/v1\/convocatoria-para-integrar-la-comision-electoral\/","title":{"rendered":"CONVOCATORIA PARA INTEGRAR LA COMISI\u00d3N ELECTORAL"},"content":{"rendered":"<p>Como parte de la implementaci\u00f3n de los Estatutos y su Reglamento, se inicia el proceso para elegir nuevo Comit\u00e9 Ejecutivo y Comit\u00e9 de Monitoreo y Rendici\u00f3n de Cuentas, conforme lo establecido en el T\u00edtulo IV del Reglamento.<br \/>\nPara quienes hemos participado en la co construcci\u00f3n y co fortalecimiento de la ReLAC, es motivo de alegr\u00eda y entusiasmo iniciar el 2021 con esta primera actividad, con la que se busca sentar precedentes para una ruta m\u00e1s democr\u00e1tica y participativa. Quienes formen parte de la Comisi\u00f3n Electoral tendr\u00e1n la responsabilidad de implementar el proceso electoral, hasta la elaboraci\u00f3n del Acta en que se haga constar el proceso realizado y la integraci\u00f3n del Comit\u00e9 Ejecutivo y Comit\u00e9 de Monitoreo y Rendici\u00f3n de Cuentas electos.<br \/>\nPor ello, invitamos a circular la convocatoria entre las y los miembros de sus Redes y a fomentar su participaci\u00f3n en este proceso.<br \/>\nSigamos escribiendo juntos la historia de la ReLAC!!!<\/p>\n<p>Comit\u00e9 Ejecutivo<\/p>\n<div class=\"yj6qo\"><a href=\"https:\/\/www.relac.net\/wp-content\/uploads\/2021\/01\/210120-Convocatoria-integracio\u0301n-Comisio\u0301n-Electoral.pdf\">210120 Convocatoria integracio\u0301n Comisio\u0301n Electoral<\/a><\/div>\n","protected":false},"excerpt":{"rendered":"<p>Como parte de la implementaci\u00f3n de los Estatutos y su Reglamento, se inicia el proceso para elegir nuevo Comit\u00e9 Ejecutivo y Comit\u00e9 de Monitoreo y Rendici\u00f3n de Cuentas, conforme lo establecido en el T\u00edtulo IV del Reglamento. Para quienes hemos participado en la co construcci\u00f3n y co fortalecimiento de la ReLAC, es motivo de alegr\u00eda y entusiasmo iniciar el 2021 [&hellip;]<\/p>\n","protected":false},"author":7,"featured_media":13955,"comment_status":"open","ping_status":"open","sticky":false,"template":"","format":"standard","meta":{"_bbp_topic_count":0,"_bbp_reply_count":0,"_bbp_total_topic_count":0,"_bbp_total_reply_count":0,"_bbp_voice_count":0,"_bbp_anonymous_reply_count":0,"_bbp_topic_count_hidden":0,"_bbp_reply_count_hidden":0,"_bbp_forum_subforum_count":0,"_monsterinsights_skip_tracking":false,"_monsterinsights_sitenote_active":false,"_monsterinsights_sitenote_note":"","_monsterinsights_sitenote_category":0,"cybocfi_hide_featured_image":"","footnotes":""},"categories":[21],"tags":[],"class_list":["post-14175","post","type-post","status-publish","format-standard","has-post-thumbnail","hentry","category-noticias"],"_links":{"self":[{"href":"https:\/\/www.relac.net\/v1\/wp-json\/wp\/v2\/posts\/14175","targetHints":{"allow":["GET"]}}],"collection":[{"href":"https:\/\/www.relac.net\/v1\/wp-json\/wp\/v2\/posts"}],"about":[{"href":"https:\/\/www.relac.net\/v1\/wp-json\/wp\/v2\/types\/post"}],"author":[{"embeddable":true,"href":"https:\/\/www.relac.net\/v1\/wp-json\/wp\/v2\/users\/7"}],"replies":[{"embeddable":true,"href":"https:\/\/www.relac.net\/v1\/wp-json\/wp\/v2\/comments?post=14175"}],"version-history":[{"count":2,"href":"https:\/\/www.relac.net\/v1\/wp-json\/wp\/v2\/posts\/14175\/revisions"}],"predecessor-version":[{"id":14178,"href":"https:\/\/www.relac.net\/v1\/wp-json\/wp\/v2\/posts\/14175\/revisions\/14178"}],"wp:featuredmedia":[{"embeddable":true,"href":"https:\/\/www.relac.net\/v1\/wp-json\/wp\/v2\/media\/13955"}],"wp:attachment":[{"href":"https:\/\/www.relac.net\/v1\/wp-json\/wp\/v2\/media?parent=14175"}],"wp:term":[{"taxonomy":"category","embeddable":true,"href":"https:\/\/www.relac.net\/v1\/wp-json\/wp\/v2\/categories?post=14175"},{"taxonomy":"post_tag","embeddable":true,"href":"https:\/\/www.relac.net\/v1\/wp-json\/wp\/v2\/tags?post=14175"}],"curies":[{"name":"wp","href":"https:\/\/api.w.org\/{rel}","templated":true}]}}