{"id":14160,"date":"2021-01-27T18:00:27","date_gmt":"2021-01-27T22:00:27","guid":{"rendered":"https:\/\/www.relac.net\/?p=14160"},"modified":"2021-02-10T14:08:58","modified_gmt":"2021-02-10T18:08:58","slug":"aprendizajes-significativos-del-proceso-relac-2-0","status":"publish","type":"post","link":"https:\/\/www.relac.net\/v1\/aprendizajes-significativos-del-proceso-relac-2-0\/","title":{"rendered":"Aprendizajes significativos del proceso ReLAC 2.0"},"content":{"rendered":"<p>Debido a su proceso consultivo y de construcci\u00f3n colectiva, la ReLAC 2.0 ha requerido poner en pr\u00e1ctica valores inclusivos y democr\u00e1ticos, evidenciando la necesidad e importancia de ir monitoreando la naturaleza y el accionar de la Red en el marco de las exigencias de la cultura evaluativa.<\/p>\n<p><strong>Los aprendizajes <\/strong><\/p>\n<p>Algunos de los aprendizajes m\u00e1s significativos que aportan a consolidar ReLAC 2.0 son los siguientes:<\/p>\n<ul>\n<li><strong>Rol facilitador del comit\u00e9 ejecutivo. <\/strong>Coordinar una red como la ReLAC requiere tener un perfil de facilitador, rol fundamental para posibilitar el consenso y construir elementos claves para la sostenibilidad de la red como el capital social, la confianza interna y externa, as\u00ed como los instrumentos estrat\u00e9gicos y de gesti\u00f3n.<\/li>\n<li><strong>Definir claramente la naturaleza y los roles de la ReLAC y sus integrantes<\/strong>. Mantener clara la perspectiva sobre que una red efectiva debe incluir la mayor variedad de actores posibles; reafirmar que lo importante es articular y que es mucho m\u00e1s valioso capitalizar y contar con m\u00e1s actores que nutran la red con sus experiencias.<\/li>\n<li><strong>Aprendizaje entre pares. <\/strong>Los miembros de la Red aprendieron mucho sobre las realidades de las diferentes redes nacionales por medio de las reuniones de grupo y plenarias, sinti\u00e9ndose m\u00e1s preparados para afrontar situaciones ya experimentadas en otros pa\u00edses, cre\u00e1ndose tambi\u00e9n un aprendizaje personal que enriquece conocimientos y abre perspectivas.<\/li>\n<li><strong>El trabajo en comisiones<\/strong>. Modalidad que permiti\u00f3 que los miembros repiensen la propia organizaci\u00f3n y hagan un planteamiento concreto consultando a sus bases. Esta experiencia contribuy\u00f3 tambi\u00e9n a mejorar el trabajo al interno de las redes nacionales, a motivar un cambio, pues ya en algunos casos se est\u00e1 replicando la experiencia.<\/li>\n<li><strong>Constituirse como referente<\/strong>. La reconstrucci\u00f3n de la ReLAC le est\u00e1 permitiendo reposicionarse y constituirse como referente regional de evaluaci\u00f3n, lo cual tambi\u00e9n facilita conseguir el soporte de proyectos y organismos por periodos determinados, sobre todo en el contexto de la Agenda 2030.<\/li>\n<li><strong>Lenguaje com\u00fan<\/strong>. El ejercicio de construcci\u00f3n colectiva mostr\u00f3 la diversidad y complejidad del idioma espa\u00f1ol, como tambi\u00e9n del portugu\u00e9s, y su vinculaci\u00f3n a la cultura de cada pa\u00eds, cada uno con percepciones diferentes en los temas, pero se debe entender que todo eso es parte de la ReLAC y que esta debe representar un espacio de riqueza para todos.<\/li>\n<li><strong>Fortalecimiento de capacidades<\/strong>. Hist\u00f3ricamente, la Red descuid\u00f3 el fortalecimiento de capacidades internas y ese aspecto ha sido clave en los resultados de su desempe\u00f1o previo a ReLAC 2.0, lo cual le permiti\u00f3 aprender que dicho fortalecimiento es un aspecto fundamental para el futuro de la Red.<\/li>\n<li>La crisis del COVID-19 puso en evidencia la actitud de compromiso y predisposici\u00f3n de la mayor\u00eda de los miembros para impulsar y continuar de manera virtual, situaci\u00f3n que exigi\u00f3 la constancia y adaptaci\u00f3n de un grupo que se volvi\u00f3 solidario e inclusivo, atento a las opiniones de los dem\u00e1s y promotor de un dialogo fruct\u00edfero, con el solo compromiso de que la Red prospere.<\/li>\n<\/ul>\n<p>Si bien estos aprendizajes son principalmente \u00fatiles para la ReLAC y sus redes miembros, tambi\u00e9n pueden aportar a la reflexi\u00f3n de otras redes, en otros contextos, con el mismo inter\u00e9s de realizar un proceso de revisi\u00f3n y redefinici\u00f3n.<\/p>\n<p style=\"text-align: center;\"><img loading=\"lazy\" decoding=\"async\" class=\"aligncenter wp-image-14231 size-full\" src=\"https:\/\/www.relac.net\/wp-content\/uploads\/2021\/01\/AFGRAFICA_NP-8.-Aprendizaje.png\" alt=\"\" width=\"891\" height=\"2051\" srcset=\"https:\/\/www.relac.net\/v1\/wp-content\/uploads\/2021\/01\/AFGRAFICA_NP-8.-Aprendizaje.png 891w, https:\/\/www.relac.net\/v1\/wp-content\/uploads\/2021\/01\/AFGRAFICA_NP-8.-Aprendizaje-130x300.png 130w, https:\/\/www.relac.net\/v1\/wp-content\/uploads\/2021\/01\/AFGRAFICA_NP-8.-Aprendizaje-445x1024.png 445w, https:\/\/www.relac.net\/v1\/wp-content\/uploads\/2021\/01\/AFGRAFICA_NP-8.-Aprendizaje-768x1768.png 768w, https:\/\/www.relac.net\/v1\/wp-content\/uploads\/2021\/01\/AFGRAFICA_NP-8.-Aprendizaje-43x100.png 43w, https:\/\/www.relac.net\/v1\/wp-content\/uploads\/2021\/01\/AFGRAFICA_NP-8.-Aprendizaje-667x1536.png 667w, https:\/\/www.relac.net\/v1\/wp-content\/uploads\/2021\/01\/AFGRAFICA_NP-8.-Aprendizaje-890x2048.png 890w, https:\/\/www.relac.net\/v1\/wp-content\/uploads\/2021\/01\/AFGRAFICA_NP-8.-Aprendizaje-672x1547.png 672w, https:\/\/www.relac.net\/v1\/wp-content\/uploads\/2021\/01\/AFGRAFICA_NP-8.-Aprendizaje-480x1104.png 480w\" sizes=\"auto, (max-width: 891px) 100vw, 891px\" \/><\/p>\n","protected":false},"excerpt":{"rendered":"<p>Debido a su proceso consultivo y de construcci\u00f3n colectiva, la ReLAC 2.0 ha requerido poner en pr\u00e1ctica valores inclusivos y democr\u00e1ticos, evidenciando la necesidad e importancia de ir monitoreando la naturaleza y el accionar de la Red en el marco de las exigencias de la cultura evaluativa. Los aprendizajes Algunos de los aprendizajes m\u00e1s significativos que aportan a consolidar ReLAC [&hellip;]<\/p>\n","protected":false},"author":72,"featured_media":0,"comment_status":"open","ping_status":"open","sticky":false,"template":"","format":"standard","meta":{"_bbp_topic_count":0,"_bbp_reply_count":0,"_bbp_total_topic_count":0,"_bbp_total_reply_count":0,"_bbp_voice_count":0,"_bbp_anonymous_reply_count":0,"_bbp_topic_count_hidden":0,"_bbp_reply_count_hidden":0,"_bbp_forum_subforum_count":0,"_monsterinsights_skip_tracking":false,"_monsterinsights_sitenote_active":false,"_monsterinsights_sitenote_note":"","_monsterinsights_sitenote_category":0,"cybocfi_hide_featured_image":"yes","footnotes":""},"categories":[21],"tags":[97,98],"class_list":["post-14160","post","type-post","status-publish","format-standard","hentry","category-noticias","tag-8-aprendizajes","tag-consolidar-relac"],"_links":{"self":[{"href":"https:\/\/www.relac.net\/v1\/wp-json\/wp\/v2\/posts\/14160","targetHints":{"allow":["GET"]}}],"collection":[{"href":"https:\/\/www.relac.net\/v1\/wp-json\/wp\/v2\/posts"}],"about":[{"href":"https:\/\/www.relac.net\/v1\/wp-json\/wp\/v2\/types\/post"}],"author":[{"embeddable":true,"href":"https:\/\/www.relac.net\/v1\/wp-json\/wp\/v2\/users\/72"}],"replies":[{"embeddable":true,"href":"https:\/\/www.relac.net\/v1\/wp-json\/wp\/v2\/comments?post=14160"}],"version-history":[{"count":4,"href":"https:\/\/www.relac.net\/v1\/wp-json\/wp\/v2\/posts\/14160\/revisions"}],"predecessor-version":[{"id":14232,"href":"https:\/\/www.relac.net\/v1\/wp-json\/wp\/v2\/posts\/14160\/revisions\/14232"}],"wp:attachment":[{"href":"https:\/\/www.relac.net\/v1\/wp-json\/wp\/v2\/media?parent=14160"}],"wp:term":[{"taxonomy":"category","embeddable":true,"href":"https:\/\/www.relac.net\/v1\/wp-json\/wp\/v2\/categories?post=14160"},{"taxonomy":"post_tag","embeddable":true,"href":"https:\/\/www.relac.net\/v1\/wp-json\/wp\/v2\/tags?post=14160"}],"curies":[{"name":"wp","href":"https:\/\/api.w.org\/{rel}","templated":true}]}}