{"id":14036,"date":"2020-03-18T11:00:18","date_gmt":"2020-03-18T15:00:18","guid":{"rendered":"https:\/\/www.relac.net\/?p=14036"},"modified":"2021-03-12T13:06:45","modified_gmt":"2021-03-12T17:06:45","slug":"desafios-de-me-de-programas-sobre-ddhh-crisis-social-y-violencia","status":"publish","type":"post","link":"https:\/\/www.relac.net\/v1\/desafios-de-me-de-programas-sobre-ddhh-crisis-social-y-violencia\/","title":{"rendered":"Desaf\u00edos de M&#038;E de Programas sobre DDHH, Crisis Social y Violencia"},"content":{"rendered":"<p>Te invitamos a formar parte de este curso virtual, el pr\u00f3ximo mi\u00e9rcoles 25 de marzo, sobre Monitoreo y Evaluaci\u00f3n de Programas sobre DDHH, en tiempos de crisis social y violencia en contextos fr\u00e1giles y\/o sub-fr\u00e1giles.<\/p>\n<p>El webinar es patrocinado por RIE y ReLAC, y liderado por RIEPP, CONICET, Universidad de Buenos Aires, EVALPERU, y Red de Costa Rica y Honduras. Facilitado por Marcia Itzel Checa, ACEVAL.<\/p>\n","protected":false},"excerpt":{"rendered":"<p>Te invitamos a formar parte de este curso virtual, el pr\u00f3ximo mi\u00e9rcoles 25 de marzo, sobre Monitoreo y Evaluaci\u00f3n de Programas sobre DDHH, en tiempos de crisis social y violencia en contextos fr\u00e1giles y\/o sub-fr\u00e1giles. El webinar es patrocinado por RIE y ReLAC, y liderado por RIEPP, CONICET, Universidad de Buenos Aires, EVALPERU, y Red de Costa Rica y Honduras. [&hellip;]<\/p>\n","protected":false},"author":8,"featured_media":14321,"comment_status":"open","ping_status":"open","sticky":false,"template":"","format":"standard","meta":{"_bbp_topic_count":0,"_bbp_reply_count":0,"_bbp_total_topic_count":0,"_bbp_total_reply_count":0,"_bbp_voice_count":0,"_bbp_anonymous_reply_count":0,"_bbp_topic_count_hidden":0,"_bbp_reply_count_hidden":0,"_bbp_forum_subforum_count":0,"_monsterinsights_skip_tracking":false,"_monsterinsights_sitenote_active":false,"_monsterinsights_sitenote_note":"","_monsterinsights_sitenote_category":0,"cybocfi_hide_featured_image":"","footnotes":""},"categories":[51,21],"tags":[50],"class_list":["post-14036","post","type-post","status-publish","format-standard","has-post-thumbnail","hentry","category-cursos","category-noticias","tag-webinar"],"_links":{"self":[{"href":"https:\/\/www.relac.net\/v1\/wp-json\/wp\/v2\/posts\/14036","targetHints":{"allow":["GET"]}}],"collection":[{"href":"https:\/\/www.relac.net\/v1\/wp-json\/wp\/v2\/posts"}],"about":[{"href":"https:\/\/www.relac.net\/v1\/wp-json\/wp\/v2\/types\/post"}],"author":[{"embeddable":true,"href":"https:\/\/www.relac.net\/v1\/wp-json\/wp\/v2\/users\/8"}],"replies":[{"embeddable":true,"href":"https:\/\/www.relac.net\/v1\/wp-json\/wp\/v2\/comments?post=14036"}],"version-history":[{"count":3,"href":"https:\/\/www.relac.net\/v1\/wp-json\/wp\/v2\/posts\/14036\/revisions"}],"predecessor-version":[{"id":14040,"href":"https:\/\/www.relac.net\/v1\/wp-json\/wp\/v2\/posts\/14036\/revisions\/14040"}],"wp:featuredmedia":[{"embeddable":true,"href":"https:\/\/www.relac.net\/v1\/wp-json\/wp\/v2\/media\/14321"}],"wp:attachment":[{"href":"https:\/\/www.relac.net\/v1\/wp-json\/wp\/v2\/media?parent=14036"}],"wp:term":[{"taxonomy":"category","embeddable":true,"href":"https:\/\/www.relac.net\/v1\/wp-json\/wp\/v2\/categories?post=14036"},{"taxonomy":"post_tag","embeddable":true,"href":"https:\/\/www.relac.net\/v1\/wp-json\/wp\/v2\/tags?post=14036"}],"curies":[{"name":"wp","href":"https:\/\/api.w.org\/{rel}","templated":true}]}}