{"id":13596,"date":"2019-10-24T14:32:55","date_gmt":"2019-10-24T18:32:55","guid":{"rendered":"http:\/\/relac.net\/?p=13596"},"modified":"2019-11-05T18:30:11","modified_gmt":"2019-11-05T22:30:11","slug":"evaluacion-de-politicas-y-programas-publicos","status":"publish","type":"post","link":"https:\/\/www.relac.net\/v1\/evaluacion-de-politicas-y-programas-publicos\/","title":{"rendered":"Evaluaci\u00f3n de pol\u00edticas y programas p\u00fablicos"},"content":{"rendered":"<p>El Curso es organizado por el Instituto Latinoamericano y del Caribe de Planificaci\u00f3n Econ\u00f3mica y Social (ILPES) perteneciente a la Comisi\u00f3n Econ\u00f3mica para Am\u00e9rica Latina y el Caribe (CEPAL).<\/p>\n<p>El curso se concibe como un programa de especializaci\u00f3n y actualizaci\u00f3n orientado a profesionales del sector p\u00fablico, en los tramos medio y alto de su carrera funcionaria, del gobierno central o sub-nacional, instituciones de investigaci\u00f3n, organizaciones de la sociedad civil, y en general, a personas vinculadas a instituciones p\u00fablicas o privadas involucradas con el dise\u00f1o, implementaci\u00f3n, seguimiento y evaluaci\u00f3n de pol\u00edticas y programas relacionados con la gesti\u00f3n de los recursos p\u00fablicos. Dado que uno de los objetivos primordiales es el intercambio de experiencias entre los asistentes, se privilegiar\u00e1 la participaci\u00f3n de profesionales con experiencia en el tema, del \u00e1mbito p\u00fablico. Los postulantes deber\u00e1n tener formaci\u00f3n universitaria completa.<\/p>\n<p><strong>El curso se desarrollar\u00e1 entre el 7 y 18 de mayo 2018 en Santiago de Chile<\/strong>. Las\u00a0candidaturas se reciben hasta el d\u00eda\u00a0<strong>viernes 9 de marzo de 2018.<\/strong><\/p>\n<p>Mayor informaci\u00f3n:\u00a0<a href=\"https:\/\/www.cepal.org\/es\/cursos\/evaluacion-politicas-programas-publicos-1\" target=\"_blank\" rel=\"noopener noreferrer\">https:\/\/www.cepal.org\/es\/cursos\/evaluacion-politicas-programas-publicos-1<\/a><\/p>\n","protected":false},"excerpt":{"rendered":"<p>El Curso es organizado por el Instituto Latinoamericano y del Caribe de Planificaci\u00f3n Econ\u00f3mica y Social (ILPES) perteneciente a la Comisi\u00f3n Econ\u00f3mica para Am\u00e9rica Latina y el Caribe (CEPAL). El curso se concibe como un programa de especializaci\u00f3n y actualizaci\u00f3n orientado a profesionales del sector p\u00fablico, en los tramos medio y alto de su carrera funcionaria, del gobierno central o [&hellip;]<\/p>\n","protected":false},"author":1,"featured_media":13708,"comment_status":"open","ping_status":"open","sticky":false,"template":"","format":"standard","meta":{"_bbp_topic_count":0,"_bbp_reply_count":0,"_bbp_total_topic_count":0,"_bbp_total_reply_count":0,"_bbp_voice_count":0,"_bbp_anonymous_reply_count":0,"_bbp_topic_count_hidden":0,"_bbp_reply_count_hidden":0,"_bbp_forum_subforum_count":0,"_monsterinsights_skip_tracking":false,"_monsterinsights_sitenote_active":false,"_monsterinsights_sitenote_note":"","_monsterinsights_sitenote_category":0,"cybocfi_hide_featured_image":"","footnotes":""},"categories":[41],"tags":[],"class_list":["post-13596","post","type-post","status-publish","format-standard","has-post-thumbnail","hentry","category-capacitaciones"],"_links":{"self":[{"href":"https:\/\/www.relac.net\/v1\/wp-json\/wp\/v2\/posts\/13596","targetHints":{"allow":["GET"]}}],"collection":[{"href":"https:\/\/www.relac.net\/v1\/wp-json\/wp\/v2\/posts"}],"about":[{"href":"https:\/\/www.relac.net\/v1\/wp-json\/wp\/v2\/types\/post"}],"author":[{"embeddable":true,"href":"https:\/\/www.relac.net\/v1\/wp-json\/wp\/v2\/users\/1"}],"replies":[{"embeddable":true,"href":"https:\/\/www.relac.net\/v1\/wp-json\/wp\/v2\/comments?post=13596"}],"version-history":[{"count":1,"href":"https:\/\/www.relac.net\/v1\/wp-json\/wp\/v2\/posts\/13596\/revisions"}],"predecessor-version":[{"id":13597,"href":"https:\/\/www.relac.net\/v1\/wp-json\/wp\/v2\/posts\/13596\/revisions\/13597"}],"wp:featuredmedia":[{"embeddable":true,"href":"https:\/\/www.relac.net\/v1\/wp-json\/wp\/v2\/media\/13708"}],"wp:attachment":[{"href":"https:\/\/www.relac.net\/v1\/wp-json\/wp\/v2\/media?parent=13596"}],"wp:term":[{"taxonomy":"category","embeddable":true,"href":"https:\/\/www.relac.net\/v1\/wp-json\/wp\/v2\/categories?post=13596"},{"taxonomy":"post_tag","embeddable":true,"href":"https:\/\/www.relac.net\/v1\/wp-json\/wp\/v2\/tags?post=13596"}],"curies":[{"name":"wp","href":"https:\/\/api.w.org\/{rel}","templated":true}]}}